{"id":8749,"date":"2026-04-27T12:34:54","date_gmt":"2026-04-27T11:34:54","guid":{"rendered":"https:\/\/www.zssafarikova.cz\/?p=8749"},"modified":"2026-04-27T12:34:55","modified_gmt":"2026-04-27T11:34:55","slug":"krasensky-zvonecek-zazvonil-trikrat","status":"publish","type":"post","link":"https:\/\/www.zssafarikova.cz\/?p=8749","title":{"rendered":"Kr\u00e1sensk\u00fd zvone\u010dek zazvonil t\u0159ikr\u00e1t!"},"content":{"rendered":"\n<figure><iframe src=\"https:\/\/www.zonerama.com\/Embed\/Album\/15179581?color=blue&amp;autoplay=false&amp;vertical=false&amp;secret=xeoA4Ix04ayk187q2Qwr9uV2N\" style=\"width: 720px; height: 330px;\" scrolling=\"no\" frameborder=\"0\" allowtransparency=\"true\"><\/iframe><\/figure>\n\n\n\n<p>Na\u0161i \u017e\u00e1ci n\u00e1s i letos \u00fasp\u011b\u0161n\u011b reprezentovali na Kr\u00e1sensk\u00e9m zvone\u010dku, kter\u00fd se konal 16. a 17. dubna.<\/p>\n\n\n\n<p>Recitovalo se ve t\u0159ech kategori\u00edch a v ka\u017ed\u00e9 jsme z\u00edskali diplom.<\/p>\n\n\n\n<p>Za 1. kategorii se \u00fa\u010dastnili tito \u017e\u00e1ci:<\/p>\n\n\n\n<p>Veronika \u010calov\u00e1 2. A, Jon\u00e1\u0161 Mar\u0161ner 3. A, Jakub \u0160t\u011bp\u00e1n\u00edk 4. A a jako n\u00e1hradnice Laura \u0160kulav\u00edkov\u00e1 2. C.<\/p>\n\n\n\n<p><strong>Jakub \u0160t\u011bp\u00e1n\u00edk z\u00edskal 2.m\u00edsto.<\/strong><\/p>\n\n\n\n<p>Za 2. kategorii:<\/p>\n\n\n\n<!--more-->\n\n\n\n<p>Mat\u011bj Sekanina 5. B, Anna Zdr\u00e1halov\u00e1 6. C, Maty\u00e1\u0161 Fil\u00edpek 6. A<\/p>\n\n\n\n<p>a jako n\u00e1hradnice Berenika Hlav\u00e1\u010dov\u00e1 5. A<\/p>\n\n\n\n<p><strong>Mat\u011bj Sekanina z\u00edskal 3. m\u00edsto.<\/strong><\/p>\n\n\n\n<p>Za 3. kategorii:<\/p>\n\n\n\n<p>Eli\u00e1\u0161 Trochta 7. C, Adam Hrd\u00fd 8. A, Kate\u0159ina Holubov\u00e1 8. A<\/p>\n\n\n\n<p>a Marie Masa\u0159\u00edkov\u00e1 8. A jako n\u00e1hradnice.<\/p>\n\n\n\n<p><strong>1. m\u00edsto si vyrecitoval Adam Hrd\u00fd<\/strong><\/p>\n\n\n\n<p>V\u0161ichni v\u00fd\u0161e uveden\u00ed \u017e\u00e1ci v\u011bnovali p\u0159\u00edprav\u011b hodn\u011b voln\u00e9ho \u010dasu i nad\u0161en\u00ed. Um\u00edstit se mezi nejlep\u0161\u00edmi t\u0159emi v tak velk\u00e9 konkurenci je obrovsk\u00fd \u00fasp\u011bch. V\u011b\u0159\u00edme, \u017ee je z\u00e1jem o tuto \u010dinnost neopust\u00ed, a budou tak motivovat p\u0159\u00ed\u0161t\u00ed \u0161koln\u00ed rok dal\u0161\u00ed \u017e\u00e1ky.<\/p>\n\n\n\n<p>Za jejich p\u011bkn\u00e9 v\u00fdkony jim moc d\u011bkujeme.<\/p>\n\n\n\n<p>Mgr. B. Mikul\u00e1\u0161kov\u00e1, Mgr. M. Ondruchov\u00e1<\/p>\n","protected":false},"excerpt":{"rendered":"<p>Na\u0161i \u017e\u00e1ci n\u00e1s i letos \u00fasp\u011b\u0161n\u011b reprezentovali na Kr\u00e1sensk\u00e9m zvone\u010dku, kter\u00fd se konal 16. a 17. dubna. Recitovalo se ve t\u0159ech kategori\u00edch a v ka\u017ed\u00e9 jsme z\u00edskali diplom. Za 1. kategorii se \u00fa\u010dastnili tito \u017e\u00e1ci: Veronika \u010calov\u00e1 2. A, Jon\u00e1\u0161 Mar\u0161ner 3. A, Jakub \u0160t\u011bp\u00e1n\u00edk 4. A a jako n\u00e1hradnice Laura \u0160kulav\u00edkov\u00e1 2. C. Jakub \u0160t\u011bp\u00e1n\u00edk z\u00edskal 2.m\u00edsto. Za 2. <a href=\"https:\/\/www.zssafarikova.cz\/?p=8749\" class=\"read-more\">V\u00edce &#8230;<\/a><\/p>\n","protected":false},"author":1,"featured_media":0,"comment_status":"closed","ping_status":"closed","sticky":false,"template":"","format":"standard","meta":{"footnotes":""},"categories":[25],"tags":[],"class_list":["post-8749","post","type-post","status-publish","format-standard","hentry","category-soutez"],"_links":{"self":[{"href":"https:\/\/www.zssafarikova.cz\/index.php?rest_route=\/wp\/v2\/posts\/8749","targetHints":{"allow":["GET"]}}],"collection":[{"href":"https:\/\/www.zssafarikova.cz\/index.php?rest_route=\/wp\/v2\/posts"}],"about":[{"href":"https:\/\/www.zssafarikova.cz\/index.php?rest_route=\/wp\/v2\/types\/post"}],"author":[{"embeddable":true,"href":"https:\/\/www.zssafarikova.cz\/index.php?rest_route=\/wp\/v2\/users\/1"}],"replies":[{"embeddable":true,"href":"https:\/\/www.zssafarikova.cz\/index.php?rest_route=%2Fwp%2Fv2%2Fcomments&post=8749"}],"version-history":[{"count":1,"href":"https:\/\/www.zssafarikova.cz\/index.php?rest_route=\/wp\/v2\/posts\/8749\/revisions"}],"predecessor-version":[{"id":8750,"href":"https:\/\/www.zssafarikova.cz\/index.php?rest_route=\/wp\/v2\/posts\/8749\/revisions\/8750"}],"wp:attachment":[{"href":"https:\/\/www.zssafarikova.cz\/index.php?rest_route=%2Fwp%2Fv2%2Fmedia&parent=8749"}],"wp:term":[{"taxonomy":"category","embeddable":true,"href":"https:\/\/www.zssafarikova.cz\/index.php?rest_route=%2Fwp%2Fv2%2Fcategories&post=8749"},{"taxonomy":"post_tag","embeddable":true,"href":"https:\/\/www.zssafarikova.cz\/index.php?rest_route=%2Fwp%2Fv2%2Ftags&post=8749"}],"curies":[{"name":"wp","href":"https:\/\/api.w.org\/{rel}","templated":true}]}}