{"id":8747,"date":"2026-04-27T12:26:40","date_gmt":"2026-04-27T11:26:40","guid":{"rendered":"https:\/\/www.zssafarikova.cz\/?p=8747"},"modified":"2026-04-27T12:26:41","modified_gmt":"2026-04-27T11:26:41","slug":"safarkou-znela-spanelstina-anglictina-i-francouzstina-v-ramci-projektu-erasmus-world-cafe-26","status":"publish","type":"post","link":"https:\/\/www.zssafarikova.cz\/?p=8747","title":{"rendered":"\u0160afa\u0159kou zn\u011bla \u0161pan\u011bl\u0161tina, angli\u010dtina i francouz\u0161tina v r\u00e1mci projektu Erasmus+ World Caf\u00e9 26"},"content":{"rendered":"\n<figure><iframe src=\"https:\/\/www.zonerama.com\/Embed\/Album\/15178837?color=blue&amp;autoplay=false&amp;vertical=false&amp;secret=H9PQ3BIOeNwWA7x6fmD2qfe5k\" style=\"width: 720px; height: 330px;\" scrolling=\"no\" frameborder=\"0\" allowtransparency=\"true\"><\/iframe><\/figure>\n\n\n\n<p>V t\u00fddnu od 20. dubna jsme u n\u00e1s ve \u0161kole za\u017eili vyu\u010dov\u00e1n\u00ed trochu jinak. V hodin\u00e1ch ciz\u00edch jazyk\u016f a zem\u011bpisu jsme uv\u00edtali p\u0159\u00edjemnou zm\u011bnu a p\u0159enesli jsme se na chv\u00edli na proslun\u011bn\u00e9 Kan\u00e1rsk\u00e9 ostrovy. Jak je to mo\u017en\u00e9? Nav\u0161t\u00edvili n\u00e1s toti\u017e v r\u00e1mci projektu Erasmus+ studenti st\u0159edn\u00ed \u0161koly IES Schamann z hlavn\u00edho m\u011bsta ostrova Gran Canaria.<\/p>\n\n\n\n<p>V\u0161e za\u010dalo ji\u017e v \u0159\u00edjnu 2024, kdy n\u00e1s nav\u0161t\u00edvily pan\u00ed u\u010ditelky Romina a Mariola pr\u00e1v\u011b z v\u00fd\u0161e zm\u00edn\u011bn\u00e9 \u0161koly. V\u00fduka i prost\u0159ed\u00ed na\u0161\u00ed \u0161koly je natolik zaujalo, \u017ee jsme se spole\u010dn\u011b rozhodli realizovat i projekt se \u017e\u00e1ky. Nazvali jsme jej Erasmus+ World Caf\u00e9. A tak jako se v kav\u00e1rn\u011b lid\u00e9 sch\u00e1zej\u00ed, pov\u00eddaj\u00ed si u \u010daje, k\u00e1vy a z\u00e1kusku o tom, co je zaj\u00edm\u00e1, tak i my jsme se se\u0161li, abychom probrali r\u016fzn\u00e1 spole\u010dn\u00e1 t\u00e9mata. Projekt m\u011bl za \u00fakol zlep\u0161en\u00ed dovednost\u00ed \u017e\u00e1k\u016f v komunikaci ciz\u00edmi jazyky, tentokr\u00e1t nejen anglicky, ale tak\u00e9 francouzsky. N\u011bkte\u0159\u00ed sm\u011blej\u0161\u00ed si vyzkou\u0161eli i sv\u00e9 znalosti \u0161pan\u011bl\u0161tiny. K tomu jsme p\u0159idali spoustu zaj\u00edmav\u00fdch informac\u00ed zem\u011bpisn\u00fdch, kulturn\u00edch i historick\u00fdch z Kan\u00e1rsk\u00fdch ostrov\u016f a na\u0161eho Vala\u0161ska. Pozvali jsme studenty tak\u00e9 do hodiny informatiky, kde si vyzkou\u0161eli programov\u00e1n\u00ed robot\u016f nebo programy, kter\u00e9 vyu\u017e\u00edv\u00e1me v konverza\u010dn\u00edch hodin\u00e1ch na virtu\u00e1ln\u00edch br\u00fdl\u00edch. Dev\u00e1\u0165\u00e1ci jim \u201ezdrav\u011b uva\u0159ili\u201c v odpoledn\u00edm voliteln\u00e9m p\u0159edm\u011btu zdrav\u00e9ho va\u0159en\u00ed.<\/p>\n\n\n\n<!--more-->\n\n\n\n<p>Z\u00e1jemci z \u0159ad sedm\u00e1k\u016f a dev\u00e1\u0165\u00e1k\u016f provedli sv\u00e9 nov\u00e9 p\u0159\u00e1tele na\u0161\u00edm kr\u00e1sn\u00fdm m\u011bstem, zav\u00edtali jsme do gobel\u00ednov\u00e9 manufaktury. V z\u00e1mku Kinsk\u00fdch si ve sm\u00ed\u0161en\u00fdch skupink\u00e1ch mohli v\u0161ichni popov\u00eddat a prohl\u00e9dnout si expon\u00e1ty na t\u00e9ma historie zem\u011bd\u011blstv\u00ed, v\u010dela\u0159stv\u00ed a \u017eivota v na\u0161em regionu. St\u0159ede\u010dn\u00ed v\u00fdlet do muzea v p\u0159\u00edrod\u011b v Ro\u017enov\u011b pod Radho\u0161t\u011bm s anglick\u00fdm v\u00fdkladem se i p\u0159es chladn\u00e9 po\u010das\u00ed nesl v duchu objevov\u00e1n\u00ed dal\u0161\u00edch historick\u00fdch a kulturn\u00edch kr\u00e1s na\u0161eho kraje. Ve \u010dtvrtek se je\u0161t\u011b na\u0161i host\u00e9 pod\u00edvali na n\u00e1\u0161 kraj z v\u00fd\u0161ky majest\u00e1tn\u00e9ho Radho\u0161t\u011b.<\/p>\n\n\n\n<p>T\u00fdden ub\u011bhl velmi rychle a v p\u00e1tek jsme se obohaceni nov\u00fdmi v\u011bdomostmi, z\u00e1\u017eitky a zku\u0161enostmi rozlou\u010dili. I kdy\u017e se m\u016f\u017ee zd\u00e1t, \u017ee jsou na\u0161e domovy od sebe daleko, tento projekt n\u00e1s ur\u010dit\u011b spojil a uk\u00e1zal n\u00e1m, \u017ee u\u010dit se ciz\u00ed jazyky n\u00e1m obzory roz\u0161i\u0159uje.<\/p>\n\n\n\n<p>Cht\u011bla bych pod\u011bkovat v\u0161em koleg\u016fm, kte\u0159\u00ed se zapojili do organizace i samotn\u00e9ho pr\u016fb\u011bhu projektu.<\/p>\n\n\n\n<p>Martina Maz\u00e1\u010dov\u00e1<\/p>\n","protected":false},"excerpt":{"rendered":"<p>V t\u00fddnu od 20. dubna jsme u n\u00e1s ve \u0161kole za\u017eili vyu\u010dov\u00e1n\u00ed trochu jinak. V hodin\u00e1ch ciz\u00edch jazyk\u016f a zem\u011bpisu jsme uv\u00edtali p\u0159\u00edjemnou zm\u011bnu a p\u0159enesli jsme se na chv\u00edli na proslun\u011bn\u00e9 Kan\u00e1rsk\u00e9 ostrovy. Jak je to mo\u017en\u00e9? Nav\u0161t\u00edvili n\u00e1s toti\u017e v r\u00e1mci projektu Erasmus+ studenti st\u0159edn\u00ed \u0161koly IES Schamann z hlavn\u00edho m\u011bsta ostrova Gran Canaria. V\u0161e za\u010dalo ji\u017e v <a href=\"https:\/\/www.zssafarikova.cz\/?p=8747\" class=\"read-more\">V\u00edce &#8230;<\/a><\/p>\n","protected":false},"author":1,"featured_media":0,"comment_status":"closed","ping_status":"closed","sticky":false,"template":"","format":"standard","meta":{"footnotes":""},"categories":[19,5,4],"tags":[],"class_list":["post-8747","post","type-post","status-publish","format-standard","hentry","category-do-tisku","category-projekt","category-akce"],"_links":{"self":[{"href":"https:\/\/www.zssafarikova.cz\/index.php?rest_route=\/wp\/v2\/posts\/8747","targetHints":{"allow":["GET"]}}],"collection":[{"href":"https:\/\/www.zssafarikova.cz\/index.php?rest_route=\/wp\/v2\/posts"}],"about":[{"href":"https:\/\/www.zssafarikova.cz\/index.php?rest_route=\/wp\/v2\/types\/post"}],"author":[{"embeddable":true,"href":"https:\/\/www.zssafarikova.cz\/index.php?rest_route=\/wp\/v2\/users\/1"}],"replies":[{"embeddable":true,"href":"https:\/\/www.zssafarikova.cz\/index.php?rest_route=%2Fwp%2Fv2%2Fcomments&post=8747"}],"version-history":[{"count":1,"href":"https:\/\/www.zssafarikova.cz\/index.php?rest_route=\/wp\/v2\/posts\/8747\/revisions"}],"predecessor-version":[{"id":8748,"href":"https:\/\/www.zssafarikova.cz\/index.php?rest_route=\/wp\/v2\/posts\/8747\/revisions\/8748"}],"wp:attachment":[{"href":"https:\/\/www.zssafarikova.cz\/index.php?rest_route=%2Fwp%2Fv2%2Fmedia&parent=8747"}],"wp:term":[{"taxonomy":"category","embeddable":true,"href":"https:\/\/www.zssafarikova.cz\/index.php?rest_route=%2Fwp%2Fv2%2Fcategories&post=8747"},{"taxonomy":"post_tag","embeddable":true,"href":"https:\/\/www.zssafarikova.cz\/index.php?rest_route=%2Fwp%2Fv2%2Ftags&post=8747"}],"curies":[{"name":"wp","href":"https:\/\/api.w.org\/{rel}","templated":true}]}}