{"id":8708,"date":"2026-04-01T13:25:43","date_gmt":"2026-04-01T12:25:43","guid":{"rendered":"https:\/\/www.zssafarikova.cz\/?p=8708"},"modified":"2026-04-07T10:29:52","modified_gmt":"2026-04-07T09:29:52","slug":"vyhlaseni-literarni-souteze-o-poklad-stryca-jurasa","status":"publish","type":"post","link":"https:\/\/www.zssafarikova.cz\/?p=8708","title":{"rendered":"Vyhl\u00e1\u0161en\u00ed liter\u00e1rn\u00ed sout\u011b\u017ee O poklad str\u00fdca Jur\u00e1\u0161a."},"content":{"rendered":"\n<figure><iframe src=\"https:\/\/www.zonerama.com\/Embed\/Album\/15019944?color=blue&amp;autoplay=false&amp;vertical=false&amp;secret=VaPra6WcKuUDlFF1Vot3g7CVP\" style=\"width: 720px; height: 330px;\" scrolling=\"no\" frameborder=\"0\" allowtransparency=\"true\"><\/iframe><\/figure>\n\n\n\n<p>Dne 30.3.2026 v 10 hodin v Masarykov\u011b ve\u0159ejn\u00e9 knihovn\u011b ve Vset\u00edn\u011b prob\u011bhlo slavnostn\u00ed vyhl\u00e1\u0161en\u00ed okresn\u00edho kola sout\u011b\u017ee O poklad str\u00fdca Jur\u00e1\u0161a. Z\u00fa\u010dastnilo se mnoho \u0161kol ze Zl\u00ednsk\u00e9ho kraje a bylo ocen\u011bno p\u0159es 30 \u017e\u00e1k\u016f v r\u016fzn\u00fdch v\u011bkov\u00fdch kategori\u00edch a \u017e\u00e1nrech. Hlavn\u00edmi \u017e\u00e1nry t\u00e9to sout\u011b\u017ee byla poezie, pr\u00f3za a komix.<\/p>\n\n\n\n<!--more-->\n\n\n\n<p>Mezi ocen\u011bn\u00e9 pat\u0159ili tak\u00e9 dva \u017e\u00e1ci osm\u00e9 t\u0159\u00eddy Z\u0160 \u0160afa\u0159\u00edkova, kter\u00e9 jsem m\u011bla tu \u010dest doprov\u00e1zet. V kategorii 8. &#8211; 9. t\u0159\u00edda za \u017e\u00e1nr komix obdr\u017eela kr\u00e1sn\u00e9 3. m\u00edsto Mariana Vondrov\u00e1 s d\u00edlem Kov\u00e1\u0159 a kouzeln\u00e1 palice. V \u017e\u00e1nru poezie obdr\u017eel vynikaj\u00edc\u00ed 1. m\u00edsto Adam Hrd\u00fd, a m\u016f\u017ee b\u00fdt pr\u00e1vem hrd\u00fd za svou b\u00e1se\u0148 Kov\u00e1n\u00ed, jen\u017e n\u00e1m byla na z\u00e1v\u011br slavnostn\u011b p\u0159ednesena a sklidila velik\u00fd potlesk. D\u011bti obdr\u017eely diplomy, kni\u017en\u00ed ceny a k tomu sladk\u00e9 odm\u011bny.<\/p>\n\n\n\n<p>V\u0161ichni z\u00fa\u010dastn\u011bn\u00ed postupuj\u00ed se sv\u00fdmi d\u00edly do krajsk\u00e9ho kola liter\u00e1rn\u00ed sout\u011b\u017ee O poklad str\u00fdca Jur\u00e1\u0161a. Vyhl\u00e1\u0161en\u00ed pak prob\u011bhne koncem kv\u011btna. P\u0159ejeme v\u0161em hodn\u011b \u0161t\u011bst\u00ed!<\/p>\n\n\n\n<p>Bc. Pavla Svobodov\u00e1<\/p>\n","protected":false},"excerpt":{"rendered":"<p>Dne 30.3.2026 v 10 hodin v Masarykov\u011b ve\u0159ejn\u00e9 knihovn\u011b ve Vset\u00edn\u011b prob\u011bhlo slavnostn\u00ed vyhl\u00e1\u0161en\u00ed okresn\u00edho kola sout\u011b\u017ee O poklad str\u00fdca Jur\u00e1\u0161a. Z\u00fa\u010dastnilo se mnoho \u0161kol ze Zl\u00ednsk\u00e9ho kraje a bylo ocen\u011bno p\u0159es 30 \u017e\u00e1k\u016f v r\u016fzn\u00fdch v\u011bkov\u00fdch kategori\u00edch a \u017e\u00e1nrech. Hlavn\u00edmi \u017e\u00e1nry t\u00e9to sout\u011b\u017ee byla poezie, pr\u00f3za a komix.<\/p>\n","protected":false},"author":1,"featured_media":0,"comment_status":"closed","ping_status":"closed","sticky":false,"template":"","format":"standard","meta":{"footnotes":""},"categories":[19,25],"tags":[],"class_list":["post-8708","post","type-post","status-publish","format-standard","hentry","category-do-tisku","category-soutez"],"_links":{"self":[{"href":"https:\/\/www.zssafarikova.cz\/index.php?rest_route=\/wp\/v2\/posts\/8708","targetHints":{"allow":["GET"]}}],"collection":[{"href":"https:\/\/www.zssafarikova.cz\/index.php?rest_route=\/wp\/v2\/posts"}],"about":[{"href":"https:\/\/www.zssafarikova.cz\/index.php?rest_route=\/wp\/v2\/types\/post"}],"author":[{"embeddable":true,"href":"https:\/\/www.zssafarikova.cz\/index.php?rest_route=\/wp\/v2\/users\/1"}],"replies":[{"embeddable":true,"href":"https:\/\/www.zssafarikova.cz\/index.php?rest_route=%2Fwp%2Fv2%2Fcomments&post=8708"}],"version-history":[{"count":2,"href":"https:\/\/www.zssafarikova.cz\/index.php?rest_route=\/wp\/v2\/posts\/8708\/revisions"}],"predecessor-version":[{"id":8711,"href":"https:\/\/www.zssafarikova.cz\/index.php?rest_route=\/wp\/v2\/posts\/8708\/revisions\/8711"}],"wp:attachment":[{"href":"https:\/\/www.zssafarikova.cz\/index.php?rest_route=%2Fwp%2Fv2%2Fmedia&parent=8708"}],"wp:term":[{"taxonomy":"category","embeddable":true,"href":"https:\/\/www.zssafarikova.cz\/index.php?rest_route=%2Fwp%2Fv2%2Fcategories&post=8708"},{"taxonomy":"post_tag","embeddable":true,"href":"https:\/\/www.zssafarikova.cz\/index.php?rest_route=%2Fwp%2Fv2%2Ftags&post=8708"}],"curies":[{"name":"wp","href":"https:\/\/api.w.org\/{rel}","templated":true}]}}