{"id":8675,"date":"2026-03-24T10:27:26","date_gmt":"2026-03-24T09:27:26","guid":{"rendered":"https:\/\/www.zssafarikova.cz\/?p=8675"},"modified":"2026-03-24T10:27:27","modified_gmt":"2026-03-24T09:27:27","slug":"velikonoce-v-zamku-kinskych","status":"publish","type":"post","link":"https:\/\/www.zssafarikova.cz\/?p=8675","title":{"rendered":"Velikonoce v z\u00e1mku Kinsk\u00fdch"},"content":{"rendered":"\n<figure><iframe src=\"https:\/\/www.zonerama.com\/Embed\/Album\/14967250?color=blue&amp;autoplay=false&amp;vertical=false&amp;secret=7vSm12yhET6F031sciF2wjFYG\" style=\"width: 720px; height: 330px;\" scrolling=\"no\" frameborder=\"0\" allowtransparency=\"true\"><\/iframe><\/figure>\n\n\n\n<p>V m\u011bs\u00edci b\u0159eznu \u017e\u00e1ci 1.A, 1.B, 1.C a 2.A nav\u0161t\u00edvili se \u0161koln\u00ed dru\u017einou z\u00e1mek Kinsk\u00fdch. V kr\u00e1sn\u00e9m historick\u00e9m prost\u0159ed\u00ed si d\u011bti u\u017eily program \u201eVelikono\u010dn\u00ed zvyky a tradice\u201c. D\u011bti ochutnaly pern\u00ed\u010dky, vyrobily si ber\u00e1nky z nepe\u010den\u00e9ho t\u011bsta, vyslechly si zaj\u00edmav\u00e9 pov\u00edd\u00e1n\u00ed o velikono\u010dn\u00edch tradic\u00edch a prohl\u00e9dly si velikono\u010dn\u00ed ozdoby, dekorace, r\u016fzn\u00e1 barven\u00e1 vaj\u00ed\u010dka, tatary, pochutiny. <\/p>\n\n\n\n<!--more-->\n\n\n\n<p>D\u00edtka se dozv\u011bd\u011bla v\u0161e zaj\u00edmav\u00e9 o tom, jak to vypadalo o Velikonoc\u00edch na Vala\u0161sku p\u0159ed mnoha lety. Pan\u00ed lektorce jsme pod\u011bkovali za poutav\u00fd program a p\u011bkn\u011b jsme se pro\u0161li. Na\u0161i prv\u0148\u00e1\u010dci si libovali, \u017ee byli ve dvou z\u00e1mc\u00edch za jeden den, dopoledne na divadle v z\u00e1mku \u017derot\u00edn\u016f. M\u00e1me kr\u00e1sn\u00e9 kulturn\u00ed m\u011bsto.<\/p>\n\n\n\n<p>Renata Wiesnerov\u00e1<\/p>\n","protected":false},"excerpt":{"rendered":"<p>V m\u011bs\u00edci b\u0159eznu \u017e\u00e1ci 1.A, 1.B, 1.C a 2.A nav\u0161t\u00edvili se \u0161koln\u00ed dru\u017einou z\u00e1mek Kinsk\u00fdch. V kr\u00e1sn\u00e9m historick\u00e9m prost\u0159ed\u00ed si d\u011bti u\u017eily program \u201eVelikono\u010dn\u00ed zvyky a tradice\u201c. D\u011bti ochutnaly pern\u00ed\u010dky, vyrobily si ber\u00e1nky z nepe\u010den\u00e9ho t\u011bsta, vyslechly si zaj\u00edmav\u00e9 pov\u00edd\u00e1n\u00ed o velikono\u010dn\u00edch tradic\u00edch a prohl\u00e9dly si velikono\u010dn\u00ed ozdoby, dekorace, r\u016fzn\u00e1 barven\u00e1 vaj\u00ed\u010dka, tatary, pochutiny.<\/p>\n","protected":false},"author":1,"featured_media":0,"comment_status":"closed","ping_status":"closed","sticky":false,"template":"","format":"standard","meta":{"footnotes":""},"categories":[4],"tags":[],"class_list":["post-8675","post","type-post","status-publish","format-standard","hentry","category-akce"],"_links":{"self":[{"href":"https:\/\/www.zssafarikova.cz\/index.php?rest_route=\/wp\/v2\/posts\/8675","targetHints":{"allow":["GET"]}}],"collection":[{"href":"https:\/\/www.zssafarikova.cz\/index.php?rest_route=\/wp\/v2\/posts"}],"about":[{"href":"https:\/\/www.zssafarikova.cz\/index.php?rest_route=\/wp\/v2\/types\/post"}],"author":[{"embeddable":true,"href":"https:\/\/www.zssafarikova.cz\/index.php?rest_route=\/wp\/v2\/users\/1"}],"replies":[{"embeddable":true,"href":"https:\/\/www.zssafarikova.cz\/index.php?rest_route=%2Fwp%2Fv2%2Fcomments&post=8675"}],"version-history":[{"count":1,"href":"https:\/\/www.zssafarikova.cz\/index.php?rest_route=\/wp\/v2\/posts\/8675\/revisions"}],"predecessor-version":[{"id":8676,"href":"https:\/\/www.zssafarikova.cz\/index.php?rest_route=\/wp\/v2\/posts\/8675\/revisions\/8676"}],"wp:attachment":[{"href":"https:\/\/www.zssafarikova.cz\/index.php?rest_route=%2Fwp%2Fv2%2Fmedia&parent=8675"}],"wp:term":[{"taxonomy":"category","embeddable":true,"href":"https:\/\/www.zssafarikova.cz\/index.php?rest_route=%2Fwp%2Fv2%2Fcategories&post=8675"},{"taxonomy":"post_tag","embeddable":true,"href":"https:\/\/www.zssafarikova.cz\/index.php?rest_route=%2Fwp%2Fv2%2Ftags&post=8675"}],"curies":[{"name":"wp","href":"https:\/\/api.w.org\/{rel}","templated":true}]}}