{"id":8671,"date":"2026-03-24T10:04:06","date_gmt":"2026-03-24T09:04:06","guid":{"rendered":"https:\/\/www.zssafarikova.cz\/?p=8671"},"modified":"2026-03-24T10:04:07","modified_gmt":"2026-03-24T09:04:07","slug":"lyzarsky-zajezd-devataku-do-nizkych-tater-nabidl-vice-nez-jen-lyzovani","status":"publish","type":"post","link":"https:\/\/www.zssafarikova.cz\/?p=8671","title":{"rendered":"Ly\u017ea\u0159sk\u00fd z\u00e1jezd dev\u00e1\u0165\u00e1k\u016f do N\u00edzk\u00fdch Tater nab\u00eddl v\u00edce ne\u017e jen ly\u017eov\u00e1n\u00ed"},"content":{"rendered":"\n<figure><iframe src=\"https:\/\/www.zonerama.com\/Embed\/Album\/14967136?color=blue&amp;autoplay=false&amp;vertical=false&amp;secret=HOhm2OyfK898RCiRpmO47d4AV\" style=\"width: 720px; height: 330px;\" scrolling=\"no\" frameborder=\"0\" allowtransparency=\"true\"><\/iframe><\/figure>\n\n\n\n<p>Skupina 21 \u017e\u00e1k\u016f dev\u00e1t\u00fdch ro\u010dn\u00edk\u016f ze Z\u0160 \u0160afa\u0159\u00edkova se hned po jarn\u00edch pr\u00e1zdnin\u00e1ch vydala na ly\u017ea\u0159sk\u00fd z\u00e1jezd do nejzn\u00e1m\u011bj\u0161\u00edho slovensk\u00e9ho st\u0159ediska v N\u00edzk\u00fdch Tatr\u00e1ch do skiare\u00e1lu Jasn\u00e1.<\/p>\n\n\n\n<p>Ubytov\u00e1n\u00ed bylo zaji\u0161t\u011bno ve \u0160trb\u011b v hotelu Sipox, kde byli \u017e\u00e1ci ubytov\u00e1ni ve dvou a t\u0159\u00edl\u016f\u017ekov\u00fdch pokoj\u00edch s vlastn\u00edm soci\u00e1ln\u00edm za\u0159\u00edzen\u00edm. K dispozici byl tak\u00e9 baz\u00e9n a wellness, kter\u00e9 v\u0161ichni r\u00e1di vyu\u017e\u00edvali k regeneraci po celodenn\u00edm ly\u017eov\u00e1n\u00ed. Stravov\u00e1n\u00ed prob\u00edhalo formou rautu, tak\u017ee si ka\u017ed\u00fd mohl vybrat podle vlastn\u00ed chuti. Men\u0161\u00ed nev\u00fdhodou bylo ka\u017edodenn\u00ed doj\u00ed\u017ed\u011bn\u00ed do st\u0159ediska, kter\u00e9 \u010dinilo zhruba 40 kilometr\u016f, ale kvalitn\u00ed ly\u017eov\u00e1n\u00ed tuto skute\u010dnost bohat\u011b vynahradilo.<\/p>\n\n\n\n<!--more-->\n\n\n\n<p>Samotn\u00e9 ly\u017eov\u00e1n\u00ed prob\u00edhalo v are\u00e1lu, kter\u00fd nab\u00edz\u00ed v\u00edce ne\u017e 50 kilometr\u016f sjezdovek a modern\u00ed lanovky s p\u0159epravn\u00ed kapacitou p\u0159ibli\u017en\u011b 32 000 osob za hodinu. \u017d\u00e1ci m\u011bli mo\u017enost vyzkou\u0161et si r\u016fzn\u00e9 druhy ter\u00e9nu. Sj\u00ed\u017ed\u011bli jak \u0161irok\u00e9 upraven\u00e9 trat\u011b, tak i n\u00e1ro\u010dn\u011bj\u0161\u00ed \u00faseky. Ly\u017eovalo se z vrcholu Chopok ve v\u00fd\u0161ce 2024 m n. m. a\u017e do nejni\u017e\u0161\u00edch \u010d\u00e1st\u00ed st\u0159ediska v oblasti L\u00fa\u010dky, kter\u00e9 le\u017e\u00ed p\u0159ibli\u017en\u011b ve v\u00fd\u0161ce 900 m n. m.<\/p>\n\n\n\n<p>V\u00fdznamnou sou\u010d\u00e1st\u00ed pobytu byla i dru\u017eba s partnerskou \u0161kolou z chorvatsk\u00e9 Kon\u010denice. Chorvat\u0161t\u00ed \u017e\u00e1ci byli ubytov\u00e1ni ve stejn\u00e9m hotelu, tak\u017ee se ob\u011b skupiny pravideln\u011b setk\u00e1valy. Spole\u010dn\u011b tr\u00e1vily \u010das nejen p\u0159i stravov\u00e1n\u00ed, ale i v&nbsp;hotelov\u00e9m baz\u00e9nu, na sjezdovk\u00e1ch \u010di p\u0159i spole\u010dn\u00e9m v\u00fdletu do Aquacity Poprad.<\/p>\n\n\n\n<p>Po p\u011bti dnech pln\u00fdch ly\u017eov\u00e1n\u00ed, sportu a spole\u010dn\u00fdch z\u00e1\u017eitk\u016f nastal \u010das n\u00e1vratu. V p\u00e1tek 13. b\u0159ezna odpoledne se skupina rozlou\u010dila se sjezdovkami a vydala se zp\u011bt do Vala\u0161sk\u00e9ho Mezi\u0159\u00ed\u010d\u00ed. Cestu si zp\u0159\u00edjemnili zast\u00e1vkou na Sala\u0161i Krajinka nedaleko Ru\u017eomberku, kde si \u017e\u00e1ci mohli zakoupit tradi\u010dn\u00ed v\u00fdrobky z ov\u010d\u00edho ml\u00e9ka.<\/p>\n\n\n\n<p>Cel\u00fd ly\u017ea\u0159sk\u00fd kurz byl nejen p\u0159\u00edle\u017eitost\u00ed ke zlep\u0161en\u00ed ly\u017ea\u0159sk\u00fdch dovednost\u00ed, ale tak\u00e9 k pos\u00edlen\u00ed kolektivu a nav\u00e1z\u00e1n\u00ed nov\u00fdch p\u0159\u00e1telstv\u00ed. V\u0161ichni \u00fa\u010dastn\u00edci se shodli, \u017ee \u0161lo o mimo\u0159\u00e1dn\u011b vyda\u0159en\u00fd t\u00fdden pln\u00fd sportu, z\u00e1bavy a skv\u011bl\u00e9 atmosf\u00e9ry.<\/p>\n\n\n\n<p>Ond\u0159ej Fojt\u00edk<\/p>\n","protected":false},"excerpt":{"rendered":"<p>Skupina 21 \u017e\u00e1k\u016f dev\u00e1t\u00fdch ro\u010dn\u00edk\u016f ze Z\u0160 \u0160afa\u0159\u00edkova se hned po jarn\u00edch pr\u00e1zdnin\u00e1ch vydala na ly\u017ea\u0159sk\u00fd z\u00e1jezd do nejzn\u00e1m\u011bj\u0161\u00edho slovensk\u00e9ho st\u0159ediska v N\u00edzk\u00fdch Tatr\u00e1ch do skiare\u00e1lu Jasn\u00e1. Ubytov\u00e1n\u00ed bylo zaji\u0161t\u011bno ve \u0160trb\u011b v hotelu Sipox, kde byli \u017e\u00e1ci ubytov\u00e1ni ve dvou a t\u0159\u00edl\u016f\u017ekov\u00fdch pokoj\u00edch s vlastn\u00edm soci\u00e1ln\u00edm za\u0159\u00edzen\u00edm. K dispozici byl tak\u00e9 baz\u00e9n a wellness, kter\u00e9 v\u0161ichni r\u00e1di vyu\u017e\u00edvali k <a href=\"https:\/\/www.zssafarikova.cz\/?p=8671\" class=\"read-more\">V\u00edce &#8230;<\/a><\/p>\n","protected":false},"author":1,"featured_media":0,"comment_status":"closed","ping_status":"closed","sticky":false,"template":"","format":"standard","meta":{"footnotes":""},"categories":[4],"tags":[],"class_list":["post-8671","post","type-post","status-publish","format-standard","hentry","category-akce"],"_links":{"self":[{"href":"https:\/\/www.zssafarikova.cz\/index.php?rest_route=\/wp\/v2\/posts\/8671","targetHints":{"allow":["GET"]}}],"collection":[{"href":"https:\/\/www.zssafarikova.cz\/index.php?rest_route=\/wp\/v2\/posts"}],"about":[{"href":"https:\/\/www.zssafarikova.cz\/index.php?rest_route=\/wp\/v2\/types\/post"}],"author":[{"embeddable":true,"href":"https:\/\/www.zssafarikova.cz\/index.php?rest_route=\/wp\/v2\/users\/1"}],"replies":[{"embeddable":true,"href":"https:\/\/www.zssafarikova.cz\/index.php?rest_route=%2Fwp%2Fv2%2Fcomments&post=8671"}],"version-history":[{"count":1,"href":"https:\/\/www.zssafarikova.cz\/index.php?rest_route=\/wp\/v2\/posts\/8671\/revisions"}],"predecessor-version":[{"id":8672,"href":"https:\/\/www.zssafarikova.cz\/index.php?rest_route=\/wp\/v2\/posts\/8671\/revisions\/8672"}],"wp:attachment":[{"href":"https:\/\/www.zssafarikova.cz\/index.php?rest_route=%2Fwp%2Fv2%2Fmedia&parent=8671"}],"wp:term":[{"taxonomy":"category","embeddable":true,"href":"https:\/\/www.zssafarikova.cz\/index.php?rest_route=%2Fwp%2Fv2%2Fcategories&post=8671"},{"taxonomy":"post_tag","embeddable":true,"href":"https:\/\/www.zssafarikova.cz\/index.php?rest_route=%2Fwp%2Fv2%2Ftags&post=8671"}],"curies":[{"name":"wp","href":"https:\/\/api.w.org\/{rel}","templated":true}]}}