{"id":8651,"date":"2026-03-11T13:05:52","date_gmt":"2026-03-11T12:05:52","guid":{"rendered":"https:\/\/www.zssafarikova.cz\/?p=8651"},"modified":"2026-03-12T10:46:31","modified_gmt":"2026-03-12T09:46:31","slug":"probehlo-okresni-kolo-chemicke-olympiady-4","status":"publish","type":"post","link":"https:\/\/www.zssafarikova.cz\/?p=8651","title":{"rendered":"Prob\u011bhlo okresn\u00ed kolo chemick\u00e9 olympi\u00e1dy"},"content":{"rendered":"\n<figure><iframe src=\"https:\/\/www.zonerama.com\/Embed\/Album\/14888741?color=blue&amp;autoplay=false&amp;vertical=false&amp;secret=7O29vx50VdJeVYl96J5L3g0LI\" style=\"width: 720px; height: 330px;\" scrolling=\"no\" frameborder=\"0\" allowtransparency=\"true\"><\/iframe><\/figure>\n\n\n<div class=\"wp-block-image\">\n<figure class=\"alignright size-full is-resized\"><img loading=\"lazy\" decoding=\"async\" width=\"441\" height=\"345\" src=\"https:\/\/www.zssafarikova.cz\/wp-content\/uploads\/2026\/03\/image.png\" alt=\"\" class=\"wp-image-8656\" style=\"width:270px;height:auto\" srcset=\"https:\/\/www.zssafarikova.cz\/wp-content\/uploads\/2026\/03\/image.png 441w, https:\/\/www.zssafarikova.cz\/wp-content\/uploads\/2026\/03\/image-300x235.png 300w, https:\/\/www.zssafarikova.cz\/wp-content\/uploads\/2026\/03\/image-345x270.png 345w\" sizes=\"auto, (max-width: 441px) 100vw, 441px\" \/><\/figure>\n<\/div>\n\n\n<p class=\"has-text-align-left\">V p\u00e1tek 27. \u00fanora prob\u011bhlo na Gymn\u00e1ziu Franti\u0161ka Palack\u00e9ho ve Vala\u0161sk\u00e9m Mezi\u0159\u00ed\u010d\u00ed okresn\u00ed kolo 62. ro\u010dn\u00edku Chemick\u00e9 olympi\u00e1dy kategorie D. Na\u0161i \u0161kolu reprezentovala \u017e\u00e1kyn\u011b Vanesa Jasn\u00e1 z 9.B.<\/p>\n\n\n\n<p>\u00dalohy leto\u0161n\u00edho ro\u010dn\u00edku byly zam\u011b\u0159eny na chemii z\u00e1kladn\u00edch nekovov\u00fdch prvk\u016f \u2013 kysl\u00edku, vod\u00edku, dus\u00edku, s\u00edry a uhl\u00edku. Pro \u00fasp\u011bch bylo kl\u00ed\u010dov\u00e9 m\u00edt p\u0159ehled o jejich vlastnostech, reakc\u00edch a vyu\u017eit\u00ed jejich anorganick\u00fdch i organick\u00fdch slou\u010denin. Samoz\u0159ejmost\u00ed bylo tak\u00e9 zvl\u00e1dnut\u00ed z\u00e1kladn\u00edch chemick\u00fdch v\u00fdpo\u010dt\u016f.<\/p>\n\n\n\n<!--more-->\n\n\n\n<p>Sou\u010d\u00e1st\u00ed okresn\u00edho kl\u00e1n\u00ed byl n\u00e1ro\u010dn\u00fd teoretick\u00fd test. V praktick\u00e9 \u010d\u00e1sti mlad\u00ed chemici nejprve p\u0159ipravovali oxid uhli\u010dit\u00fd jednoduchou chemickou reakc\u00ed, n\u00e1sledn\u011b m\u011bli za \u00fakol identifikovat dal\u0161\u00ed plyny vznikaj\u00edc\u00ed p\u0159i termick\u00fdch rozkladech l\u00e1tek.<\/p>\n\n\n\n<p>Vanesa v teoretick\u00e9 \u010d\u00e1sti dos\u00e1hla nejvy\u0161\u0161\u00edho po\u010dtu bod\u016f ze v\u0161ech sout\u011b\u017e\u00edc\u00edch. V praktick\u00e9 \u010d\u00e1sti se j\u00ed sice da\u0159ilo o n\u011bco m\u00e9n\u011b, p\u0159esto se v celkov\u00e9m hodnocen\u00ed um\u00edstila na kr\u00e1sn\u00e9m 6. m\u00edst\u011b.<\/p>\n\n\n\n<p>R\u00e1da bych pod\u011bkovala Vanese za vzornou reprezentaci na\u0161\u00ed \u0161koly a pop\u0159\u00e1la j\u00ed mnoho \u00fasp\u011bch\u016f v dal\u0161\u00edm studiu chemie na st\u0159edn\u00ed \u0161kole.<\/p>\n\n\n\n<p>Jana Vesel\u00e1, u\u010ditelka chemie<\/p>\n","protected":false},"excerpt":{"rendered":"<p>V p\u00e1tek 27. \u00fanora prob\u011bhlo na Gymn\u00e1ziu Franti\u0161ka Palack\u00e9ho ve Vala\u0161sk\u00e9m Mezi\u0159\u00ed\u010d\u00ed okresn\u00ed kolo 62. ro\u010dn\u00edku Chemick\u00e9 olympi\u00e1dy kategorie D. Na\u0161i \u0161kolu reprezentovala \u017e\u00e1kyn\u011b Vanesa Jasn\u00e1 z 9.B. \u00dalohy leto\u0161n\u00edho ro\u010dn\u00edku byly zam\u011b\u0159eny na chemii z\u00e1kladn\u00edch nekovov\u00fdch prvk\u016f \u2013 kysl\u00edku, vod\u00edku, dus\u00edku, s\u00edry a uhl\u00edku. Pro \u00fasp\u011bch bylo kl\u00ed\u010dov\u00e9 m\u00edt p\u0159ehled o jejich vlastnostech, reakc\u00edch a vyu\u017eit\u00ed jejich anorganick\u00fdch i <a href=\"https:\/\/www.zssafarikova.cz\/?p=8651\" class=\"read-more\">V\u00edce &#8230;<\/a><\/p>\n","protected":false},"author":1,"featured_media":0,"comment_status":"closed","ping_status":"closed","sticky":false,"template":"","format":"standard","meta":{"footnotes":""},"categories":[25],"tags":[],"class_list":["post-8651","post","type-post","status-publish","format-standard","hentry","category-soutez"],"_links":{"self":[{"href":"https:\/\/www.zssafarikova.cz\/index.php?rest_route=\/wp\/v2\/posts\/8651","targetHints":{"allow":["GET"]}}],"collection":[{"href":"https:\/\/www.zssafarikova.cz\/index.php?rest_route=\/wp\/v2\/posts"}],"about":[{"href":"https:\/\/www.zssafarikova.cz\/index.php?rest_route=\/wp\/v2\/types\/post"}],"author":[{"embeddable":true,"href":"https:\/\/www.zssafarikova.cz\/index.php?rest_route=\/wp\/v2\/users\/1"}],"replies":[{"embeddable":true,"href":"https:\/\/www.zssafarikova.cz\/index.php?rest_route=%2Fwp%2Fv2%2Fcomments&post=8651"}],"version-history":[{"count":3,"href":"https:\/\/www.zssafarikova.cz\/index.php?rest_route=\/wp\/v2\/posts\/8651\/revisions"}],"predecessor-version":[{"id":8658,"href":"https:\/\/www.zssafarikova.cz\/index.php?rest_route=\/wp\/v2\/posts\/8651\/revisions\/8658"}],"wp:attachment":[{"href":"https:\/\/www.zssafarikova.cz\/index.php?rest_route=%2Fwp%2Fv2%2Fmedia&parent=8651"}],"wp:term":[{"taxonomy":"category","embeddable":true,"href":"https:\/\/www.zssafarikova.cz\/index.php?rest_route=%2Fwp%2Fv2%2Fcategories&post=8651"},{"taxonomy":"post_tag","embeddable":true,"href":"https:\/\/www.zssafarikova.cz\/index.php?rest_route=%2Fwp%2Fv2%2Ftags&post=8651"}],"curies":[{"name":"wp","href":"https:\/\/api.w.org\/{rel}","templated":true}]}}