{"id":8619,"date":"2026-02-17T10:58:14","date_gmt":"2026-02-17T09:58:14","guid":{"rendered":"https:\/\/www.zssafarikova.cz\/?p=8619"},"modified":"2026-02-17T10:58:15","modified_gmt":"2026-02-17T09:58:15","slug":"tri-dny-na-lyzich-ve-velke-fatre","status":"publish","type":"post","link":"https:\/\/www.zssafarikova.cz\/?p=8619","title":{"rendered":"T\u0159i dny na ly\u017e\u00edch ve Velk\u00e9 Fat\u0159e"},"content":{"rendered":"\n<figure><iframe src=\"https:\/\/www.zonerama.com\/Embed\/Album\/14750661?color=blue&amp;autoplay=false&amp;vertical=false&amp;secret=2r6jj7TsM19MEU7Fckn909hxk\" style=\"width: 720px; height: 330px;\" scrolling=\"no\" frameborder=\"0\" allowtransparency=\"true\"><\/iframe><\/figure>\n\n\n\n<p>Ve dnech 11.\u201313. \u00fanora 2026 se 40 \u017e\u00e1k\u016f \u0161est\u00fdch a osm\u00fdch t\u0159\u00edd Z\u0160 \u0160afa\u0159\u00edkova z\u00fa\u010dastnilo tradi\u010dn\u00edho ly\u017ea\u0159sk\u00e9ho z\u00e1jezdu do obl\u00edben\u00e9ho slovensk\u00e9ho st\u0159ediska Malino Brdo. Toto st\u0159edisko je sou\u010d\u00e1st\u00ed are\u00e1lu Ski Park Ru\u017eomberok, kter\u00fd se nach\u00e1z\u00ed v n\u00e1dhern\u00e9m prost\u0159ed\u00ed poho\u0159\u00ed Velk\u00e1 Fatra. Z\u00e1zem\u00ed n\u00e1m ji\u017e tradi\u010dn\u011b poskytla na\u0161e partnersk\u00e1 \u0161kola Z\u0160 Kla\u010dno, se kterou spolupracujeme v\u00edce ne\u017e deset let. Hlavn\u00edm l\u00e1kadlem are\u00e1lu je modern\u00ed osmim\u00edstn\u00e1 kabinov\u00e1 lanovka a 3,9 km dlouh\u00e1 sjezdovka, kter\u00e1 nab\u00edz\u00ed r\u016fzn\u00e9 stupn\u011b obt\u00ed\u017enosti. <\/p>\n\n\n\n<!--more-->\n\n\n\n<p>Ka\u017ed\u00fd den jsme ly\u017eovali od dev\u00edti hodin dopoledne a\u017e do p\u016fl druh\u00e9. \u017d\u00e1ci si mohli zdokonalit techniku a vyzkou\u0161et si r\u016fzn\u00e9 typy ter\u00e9nu. Po dopoledn\u00edm ly\u017eov\u00e1n\u00ed n\u00e1sledoval ob\u011bd a odpoledn\u00ed program. Krom\u011b prohl\u00eddky m\u011bsta a spole\u010dn\u00fdch aktivit jsme mohli vyu\u017e\u00edt tak\u00e9 regeneraci v saun\u011b a bublinkov\u00fdch van\u00e1ch, kter\u00e9 byly p\u0159\u00edjemnou odm\u011bnou po sportovn\u00edch v\u00fdkonech na svahu. Zvl\u00e1\u0161tn\u00edm z\u00e1\u017eitkem byl \u010dtvrte\u010dn\u00ed ve\u010der, kdy pro n\u00e1s byla v zrcadlov\u00e9m s\u00e1le p\u0159ipravena spole\u010dn\u00e1 diskot\u00e9ka se slovensk\u00fdmi \u017e\u00e1ky. O skv\u011blou atmosf\u00e9ru se postaral DJ, barevn\u00e1 sv\u011btla i kou\u0159ov\u00e9 efekty. Velkou pochvalu si zaslou\u017e\u00ed tak\u00e9 m\u00edstn\u00ed kucha\u0159 a person\u00e1l \u0161koln\u00ed j\u00eddelny. Ka\u017ed\u00e9 r\u00e1no n\u00e1s \u010dekaly bohat\u00e9 bufetov\u00e9 sn\u00eddan\u011b, kde si ka\u017ed\u00fd na\u0161el to, na co m\u011bl chu\u0165. Ob\u011bdy i ve\u010de\u0159e byly v\u00fdborn\u00e9 a nechyb\u011bly ani tradi\u010dn\u00ed speciality. <\/p>\n\n\n\n<p>Ly\u017ea\u0159sk\u00fd z\u00e1jezd nebyl jen o sportovn\u00edch v\u00fdkonech, ale p\u0159edev\u0161\u00edm o spole\u010dn\u00fdch z\u00e1\u017eitc\u00edch, posilov\u00e1n\u00ed p\u0159\u00e1telstv\u00ed a pozn\u00e1v\u00e1n\u00ed nov\u00e9ho prost\u0159ed\u00ed. T\u0159i dny utekly velmi rychle, ale vzpom\u00ednky na kr\u00e1sn\u00e9 chv\u00edle na svahu i mimo n\u011bj n\u00e1m z\u016fstanou je\u0161t\u011b dlouho.<\/p>\n\n\n\n<p>D\u011bkujeme partnersk\u00e9 \u0161kole Z\u0160 Kla\u010dno za v\u0159el\u00e9 p\u0159ijet\u00ed a t\u011b\u0161\u00edme se na dal\u0161\u00ed spole\u010dn\u00e1 setk\u00e1n\u00ed a samoz\u0159ejm\u011b na dal\u0161\u00ed ly\u017ea\u0159skou sez\u00f3nu.<\/p>\n\n\n\n<p>Ond\u0159ej Fojt\u00edk<\/p>\n","protected":false},"excerpt":{"rendered":"<p>Ve dnech 11.\u201313. \u00fanora 2026 se 40 \u017e\u00e1k\u016f \u0161est\u00fdch a osm\u00fdch t\u0159\u00edd Z\u0160 \u0160afa\u0159\u00edkova z\u00fa\u010dastnilo tradi\u010dn\u00edho ly\u017ea\u0159sk\u00e9ho z\u00e1jezdu do obl\u00edben\u00e9ho slovensk\u00e9ho st\u0159ediska Malino Brdo. Toto st\u0159edisko je sou\u010d\u00e1st\u00ed are\u00e1lu Ski Park Ru\u017eomberok, kter\u00fd se nach\u00e1z\u00ed v n\u00e1dhern\u00e9m prost\u0159ed\u00ed poho\u0159\u00ed Velk\u00e1 Fatra. Z\u00e1zem\u00ed n\u00e1m ji\u017e tradi\u010dn\u011b poskytla na\u0161e partnersk\u00e1 \u0161kola Z\u0160 Kla\u010dno, se kterou spolupracujeme v\u00edce ne\u017e deset let. Hlavn\u00edm l\u00e1kadlem <a href=\"https:\/\/www.zssafarikova.cz\/?p=8619\" class=\"read-more\">V\u00edce &#8230;<\/a><\/p>\n","protected":false},"author":1,"featured_media":0,"comment_status":"closed","ping_status":"closed","sticky":false,"template":"","format":"standard","meta":{"footnotes":""},"categories":[19,4],"tags":[],"class_list":["post-8619","post","type-post","status-publish","format-standard","hentry","category-do-tisku","category-akce"],"_links":{"self":[{"href":"https:\/\/www.zssafarikova.cz\/index.php?rest_route=\/wp\/v2\/posts\/8619","targetHints":{"allow":["GET"]}}],"collection":[{"href":"https:\/\/www.zssafarikova.cz\/index.php?rest_route=\/wp\/v2\/posts"}],"about":[{"href":"https:\/\/www.zssafarikova.cz\/index.php?rest_route=\/wp\/v2\/types\/post"}],"author":[{"embeddable":true,"href":"https:\/\/www.zssafarikova.cz\/index.php?rest_route=\/wp\/v2\/users\/1"}],"replies":[{"embeddable":true,"href":"https:\/\/www.zssafarikova.cz\/index.php?rest_route=%2Fwp%2Fv2%2Fcomments&post=8619"}],"version-history":[{"count":1,"href":"https:\/\/www.zssafarikova.cz\/index.php?rest_route=\/wp\/v2\/posts\/8619\/revisions"}],"predecessor-version":[{"id":8620,"href":"https:\/\/www.zssafarikova.cz\/index.php?rest_route=\/wp\/v2\/posts\/8619\/revisions\/8620"}],"wp:attachment":[{"href":"https:\/\/www.zssafarikova.cz\/index.php?rest_route=%2Fwp%2Fv2%2Fmedia&parent=8619"}],"wp:term":[{"taxonomy":"category","embeddable":true,"href":"https:\/\/www.zssafarikova.cz\/index.php?rest_route=%2Fwp%2Fv2%2Fcategories&post=8619"},{"taxonomy":"post_tag","embeddable":true,"href":"https:\/\/www.zssafarikova.cz\/index.php?rest_route=%2Fwp%2Fv2%2Ftags&post=8619"}],"curies":[{"name":"wp","href":"https:\/\/api.w.org\/{rel}","templated":true}]}}