{"id":8617,"date":"2026-02-17T10:41:22","date_gmt":"2026-02-17T09:41:22","guid":{"rendered":"https:\/\/www.zssafarikova.cz\/?p=8617"},"modified":"2026-02-17T10:41:23","modified_gmt":"2026-02-17T09:41:23","slug":"kdyz-lyzarsky-kurz-ovladnou-snowboardy","status":"publish","type":"post","link":"https:\/\/www.zssafarikova.cz\/?p=8617","title":{"rendered":"Kdy\u017e ly\u017ea\u0159sk\u00fd kurz ovl\u00e1dnou snowboardy"},"content":{"rendered":"\n<figure><iframe src=\"https:\/\/www.zonerama.com\/Embed\/Album\/14750648?color=blue&amp;autoplay=false&amp;vertical=false&amp;secret=T49va5A5CK9v0qpF8194wQYB6\" style=\"width: 720px; height: 330px;\" scrolling=\"no\" frameborder=\"0\" allowtransparency=\"true\"><\/iframe><\/figure>\n\n\n\n<p>Ve dnech 22.\u201328. ledna 2026 se \u017e\u00e1ci 7. ro\u010dn\u00edku z\u00fa\u010dastnili ly\u017ea\u0159sk\u00e9ho kurzu, kter\u00fd bychom vzhledem ke slo\u017een\u00ed \u00fa\u010dastn\u00edk\u016f mohli v\u00fdsti\u017en\u011bji nazvat snowboardov\u00fdm kurzem. Kurzu se celkem z\u00fa\u010dastnilo 56 d\u011bt\u00ed. Z tohoto po\u010dtu bylo 17 pokro\u010dil\u00fdch ly\u017ea\u0159\u016f, 7 za\u010d\u00e1te\u010dn\u00edk\u016f na ly\u017e\u00edch, 1 pokro\u010dil\u00fd snowboardista a 31 snowboardist\u016f za\u010d\u00e1te\u010dn\u00edk\u016f, kte\u0159\u00ed se s t\u00edmto sportem teprve seznamovali.<\/p>\n\n\n\n<p>B\u011bhem t\u00fddne \u017e\u00e1ci nav\u0161t\u00edvili t\u0159i zimn\u00ed st\u0159ediska v Beskydech \u2013 Ski B\u00edl\u00e1, Ski Mezivod\u00ed a Ski are\u00e1l Ky\u010derka ve Velk\u00fdch Karlovic\u00edch. Ka\u017ed\u00e9 z t\u011bchto st\u0159edisek nab\u00eddlo velmi dobr\u00e9 podm\u00ednky jak pro v\u00fduku za\u010d\u00e1te\u010dn\u00edk\u016f, tak pro zdokonalov\u00e1n\u00ed dovednost\u00ed pokro\u010dilej\u0161\u00edch jezdc\u016f. D\u00edky rozmanitosti sjezdovek a typ\u016f ter\u00e9nu se \u017e\u00e1ci mohli postupn\u011b seznamovat s r\u016fzn\u011b n\u00e1ro\u010dn\u00fdmi trat\u011bmi a krok za krokem zvy\u0161ovat svou jistotu a sebed\u016fv\u011bru na svahu.<\/p>\n\n\n\n<!--more-->\n\n\n\n<p>V\u0161echny d\u011bti se b\u011bhem kurzu u\u010dily nov\u00fdm dovednostem nebo zdokonalovaly techniku j\u00edzdy pod veden\u00edm instruktor\u016f snowboardingu Karla Kop\u0159ivy, Kuby Fojt\u00edka a Ond\u0159eje Fojt\u00edka a instruktor\u016f ly\u017eov\u00e1n\u00ed Evy Gol\u00e1\u0148ov\u00e9, Eriky Malotov\u00e9 a Jirky Volo\u0161ina. V\u00fduka prob\u00edhala s d\u016frazem na bezpe\u010dnost, osvojov\u00e1n\u00ed spr\u00e1vn\u00fdch pohybov\u00fdch n\u00e1vyk\u016f a p\u0159edev\u0161\u00edm na radost z pohybu na sn\u011bhu.<\/p>\n\n\n\n<p>Ka\u017ed\u00fd den m\u011bl jasn\u011b dan\u00fd program. Odjezd od \u0161koly byl v 8:00, dopoledn\u00ed v\u00fduka prob\u00edhala od 9:00 do 11:15, n\u00e1sledovala ob\u011bdov\u00e1 p\u0159est\u00e1vka a odpoledn\u00ed v\u00fduka od 12:00 do 14:15. Tento re\u017eim umo\u017enil dostatek \u010dasu jak na samotnou v\u00fduku, tak i na odpo\u010dinek a regeneraci.<\/p>\n\n\n\n<p>Kurz prob\u00edhal v p\u0159\u00e1telsk\u00e9 a pohodov\u00e9 atmosf\u00e9\u0159e a pro \u0159adu \u017e\u00e1k\u016f se stal prvn\u00edm krokem k obl\u00edben\u00e9mu zimn\u00edmu sportu. D\u011bti si z n\u011bj neodn\u00e1\u0161ej\u00ed jen zlep\u0161en\u00e9 ly\u017ea\u0159sk\u00e9 a snowboardov\u00e9 dovednosti, ale p\u0159edev\u0161\u00edm mnoho kr\u00e1sn\u00fdch z\u00e1\u017eitk\u016f ze zimn\u00edch hor, na kter\u00e9 budou je\u0161t\u011b dlouho vzpom\u00ednat.<\/p>\n\n\n\n<p>Ond\u0159ej Fojt\u00edk<\/p>\n","protected":false},"excerpt":{"rendered":"<p>Ve dnech 22.\u201328. ledna 2026 se \u017e\u00e1ci 7. ro\u010dn\u00edku z\u00fa\u010dastnili ly\u017ea\u0159sk\u00e9ho kurzu, kter\u00fd bychom vzhledem ke slo\u017een\u00ed \u00fa\u010dastn\u00edk\u016f mohli v\u00fdsti\u017en\u011bji nazvat snowboardov\u00fdm kurzem. Kurzu se celkem z\u00fa\u010dastnilo 56 d\u011bt\u00ed. Z tohoto po\u010dtu bylo 17 pokro\u010dil\u00fdch ly\u017ea\u0159\u016f, 7 za\u010d\u00e1te\u010dn\u00edk\u016f na ly\u017e\u00edch, 1 pokro\u010dil\u00fd snowboardista a 31 snowboardist\u016f za\u010d\u00e1te\u010dn\u00edk\u016f, kte\u0159\u00ed se s t\u00edmto sportem teprve seznamovali. B\u011bhem t\u00fddne \u017e\u00e1ci nav\u0161t\u00edvili t\u0159i zimn\u00ed <a href=\"https:\/\/www.zssafarikova.cz\/?p=8617\" class=\"read-more\">V\u00edce &#8230;<\/a><\/p>\n","protected":false},"author":1,"featured_media":0,"comment_status":"closed","ping_status":"closed","sticky":false,"template":"","format":"standard","meta":{"footnotes":""},"categories":[19,4],"tags":[],"class_list":["post-8617","post","type-post","status-publish","format-standard","hentry","category-do-tisku","category-akce"],"_links":{"self":[{"href":"https:\/\/www.zssafarikova.cz\/index.php?rest_route=\/wp\/v2\/posts\/8617","targetHints":{"allow":["GET"]}}],"collection":[{"href":"https:\/\/www.zssafarikova.cz\/index.php?rest_route=\/wp\/v2\/posts"}],"about":[{"href":"https:\/\/www.zssafarikova.cz\/index.php?rest_route=\/wp\/v2\/types\/post"}],"author":[{"embeddable":true,"href":"https:\/\/www.zssafarikova.cz\/index.php?rest_route=\/wp\/v2\/users\/1"}],"replies":[{"embeddable":true,"href":"https:\/\/www.zssafarikova.cz\/index.php?rest_route=%2Fwp%2Fv2%2Fcomments&post=8617"}],"version-history":[{"count":1,"href":"https:\/\/www.zssafarikova.cz\/index.php?rest_route=\/wp\/v2\/posts\/8617\/revisions"}],"predecessor-version":[{"id":8618,"href":"https:\/\/www.zssafarikova.cz\/index.php?rest_route=\/wp\/v2\/posts\/8617\/revisions\/8618"}],"wp:attachment":[{"href":"https:\/\/www.zssafarikova.cz\/index.php?rest_route=%2Fwp%2Fv2%2Fmedia&parent=8617"}],"wp:term":[{"taxonomy":"category","embeddable":true,"href":"https:\/\/www.zssafarikova.cz\/index.php?rest_route=%2Fwp%2Fv2%2Fcategories&post=8617"},{"taxonomy":"post_tag","embeddable":true,"href":"https:\/\/www.zssafarikova.cz\/index.php?rest_route=%2Fwp%2Fv2%2Ftags&post=8617"}],"curies":[{"name":"wp","href":"https:\/\/api.w.org\/{rel}","templated":true}]}}