{"id":8614,"date":"2026-02-16T08:52:28","date_gmt":"2026-02-16T07:52:28","guid":{"rendered":"https:\/\/www.zssafarikova.cz\/?p=8614"},"modified":"2026-02-17T10:35:52","modified_gmt":"2026-02-17T09:35:52","slug":"okresni-kolo-olympiady-v-nemeckem-jazyce","status":"publish","type":"post","link":"https:\/\/www.zssafarikova.cz\/?p=8614","title":{"rendered":"Okresn\u00ed kolo olympi\u00e1dy v n\u011bmeck\u00e9m jazyce"},"content":{"rendered":"\n<figure><iframe src=\"https:\/\/www.zonerama.com\/Embed\/Album\/14750497?color=blue&amp;autoplay=false&amp;vertical=false&amp;secret=uhX2CcCmHrDKnnAavhmX63s01\" style=\"width: 720px; height: 330px;\" scrolling=\"no\" frameborder=\"0\" allowtransparency=\"true\"><\/iframe><\/figure>\n\n\n\n<p>Dne 11. \u00fanora se na Gymn\u00e1ziu Franti\u0161ka Palack\u00e9ho ve Vala\u0161sk\u00e9m Mezi\u0159\u00ed\u010d\u00ed uskute\u010dnilo okresn\u00ed kolo konverzace v n\u011bmeck\u00e9m jazyce. Na\u0161i \u0161kolu reprezentovaly v\u00edt\u011bzky \u0161koln\u00edho kola. V kategorii sedm\u00fdch t\u0159\u00edd to byly Eli\u0161ka Mal\u00edkov\u00e1 a Batsukh Amin Erdene a v kategorii osm\u00fdch a dev\u00e1t\u00fdch t\u0159\u00edd Mariana Vondrov\u00e1 a Nela St\u0159\u00edtezsk\u00e1. <\/p>\n\n\n\n<p>V siln\u00e9 konkurenci gymn\u00e1zi\u00ed a \u0161koly s roz\u0161\u00ed\u0159enou v\u00fdukou jazyk\u016f si na\u0161e \u017e\u00e1kyn\u011b vedly velmi dob\u0159e. V nejmlad\u0161\u00ed prvn\u00ed kategorii se Eli\u0161ka um\u00edstila na \u0161est\u00e9m m\u00edst\u011b a Amin Erdene na sedm\u00e9m m\u00edst\u011b. Ve druh\u00e9 kategorii z\u00edskaly Mariana a Nela stejn\u00fd po\u010det bod\u016f, \u010d\u00edm\u017e obsadily spole\u010dn\u011b \u0161est\u00e9 m\u00edsto. Vzhledem k siln\u011b obsazen\u00e9 druh\u00e9 kategorii (19 sout\u011b\u017e\u00edc\u00edch) a faktu, \u017ee d\u00edvky byly nejmlad\u0161\u00ed v kategorii, je to skv\u011bl\u00fd v\u00fdsledek. D\u011bkuji z\u00fa\u010dastn\u011bn\u00fdm za vzornou reprezentaci \u0161koly a p\u0159eji, a\u0165 je u\u010den\u00ed ciz\u00edch jazyk\u016f st\u00e1le bav\u00ed.<\/p>\n\n\n\n<p>Hrstkov\u00e1 Magdalena<\/p>\n\n\n\n<p><\/p>\n","protected":false},"excerpt":{"rendered":"<p>Dne 11. \u00fanora se na Gymn\u00e1ziu Franti\u0161ka Palack\u00e9ho ve Vala\u0161sk\u00e9m Mezi\u0159\u00ed\u010d\u00ed uskute\u010dnilo okresn\u00ed kolo konverzace v n\u011bmeck\u00e9m jazyce. Na\u0161i \u0161kolu reprezentovaly v\u00edt\u011bzky \u0161koln\u00edho kola. V kategorii sedm\u00fdch t\u0159\u00edd to byly Eli\u0161ka Mal\u00edkov\u00e1 a Batsukh Amin Erdene a v kategorii osm\u00fdch a dev\u00e1t\u00fdch t\u0159\u00edd Mariana Vondrov\u00e1 a Nela St\u0159\u00edtezsk\u00e1. V siln\u00e9 konkurenci gymn\u00e1zi\u00ed a \u0161koly s roz\u0161\u00ed\u0159enou v\u00fdukou jazyk\u016f si na\u0161e <a href=\"https:\/\/www.zssafarikova.cz\/?p=8614\" class=\"read-more\">V\u00edce &#8230;<\/a><\/p>\n","protected":false},"author":1,"featured_media":0,"comment_status":"closed","ping_status":"closed","sticky":false,"template":"","format":"standard","meta":{"footnotes":""},"categories":[25],"tags":[],"class_list":["post-8614","post","type-post","status-publish","format-standard","hentry","category-soutez"],"_links":{"self":[{"href":"https:\/\/www.zssafarikova.cz\/index.php?rest_route=\/wp\/v2\/posts\/8614","targetHints":{"allow":["GET"]}}],"collection":[{"href":"https:\/\/www.zssafarikova.cz\/index.php?rest_route=\/wp\/v2\/posts"}],"about":[{"href":"https:\/\/www.zssafarikova.cz\/index.php?rest_route=\/wp\/v2\/types\/post"}],"author":[{"embeddable":true,"href":"https:\/\/www.zssafarikova.cz\/index.php?rest_route=\/wp\/v2\/users\/1"}],"replies":[{"embeddable":true,"href":"https:\/\/www.zssafarikova.cz\/index.php?rest_route=%2Fwp%2Fv2%2Fcomments&post=8614"}],"version-history":[{"count":2,"href":"https:\/\/www.zssafarikova.cz\/index.php?rest_route=\/wp\/v2\/posts\/8614\/revisions"}],"predecessor-version":[{"id":8616,"href":"https:\/\/www.zssafarikova.cz\/index.php?rest_route=\/wp\/v2\/posts\/8614\/revisions\/8616"}],"wp:attachment":[{"href":"https:\/\/www.zssafarikova.cz\/index.php?rest_route=%2Fwp%2Fv2%2Fmedia&parent=8614"}],"wp:term":[{"taxonomy":"category","embeddable":true,"href":"https:\/\/www.zssafarikova.cz\/index.php?rest_route=%2Fwp%2Fv2%2Fcategories&post=8614"},{"taxonomy":"post_tag","embeddable":true,"href":"https:\/\/www.zssafarikova.cz\/index.php?rest_route=%2Fwp%2Fv2%2Ftags&post=8614"}],"curies":[{"name":"wp","href":"https:\/\/api.w.org\/{rel}","templated":true}]}}