{"id":8524,"date":"2025-12-09T07:54:48","date_gmt":"2025-12-09T06:54:48","guid":{"rendered":"https:\/\/www.zssafarikova.cz\/?p=8524"},"modified":"2025-12-09T07:54:48","modified_gmt":"2025-12-09T06:54:48","slug":"jsme-soucasti-mezinarodniho-adventniho-kalendare","status":"publish","type":"post","link":"https:\/\/www.zssafarikova.cz\/?p=8524","title":{"rendered":"Jsme sou\u010d\u00e1st\u00ed mezin\u00e1rodn\u00edho adventn\u00edho kalend\u00e1\u0159e"},"content":{"rendered":"\n<figure><iframe src=\"https:\/\/www.zonerama.com\/Embed\/Album\/14343086?color=blue&amp;autoplay=false&amp;vertical=false&amp;secret=9OWy090U92i7VERBAnJwXo9O5\" style=\"width: 720px; height: 330px;\" scrolling=\"no\" frameborder=\"0\" allowtransparency=\"true\"><\/iframe><\/figure>\n\n\n\n<p>Advent je \u010dasem o\u010dek\u00e1v\u00e1n\u00ed, zti\u0161en\u00ed a setk\u00e1n\u00ed s rodinou a p\u0159\u00e1teli. Pos\u00edl\u00e1n\u00ed p\u0159\u00e1n\u00ed je zp\u016fsob, jak \u0161\u00ed\u0159it radost a l\u00e1sku b\u011bhem tohoto obdob\u00ed.<\/p>\n\n\n\n<p>\u017d\u00e1ci 6.B letos v hodin\u00e1ch angli\u010dtiny p\u0159ipravovali speci\u00e1ln\u00ed adventn\u00ed kalend\u00e1\u0159. Ka\u017ed\u00fd dostal na starost jedno ok\u00e9nko kalend\u00e1\u0159e, do kter\u00e9ho um\u00edstil svou podobiznu, anglick\u00e9 p\u0159\u00e1n\u00ed, kter\u00e9 bylo nejen oblig\u00e1tn\u00edm:\u201eMerry Christmas and a Happy New Year\u201c, ale n\u011bkolika\u0159\u00e1dkov\u00fdm poselstv\u00edm pro kamar\u00e1dy z 9 r\u016fzn\u00fdch evropsk\u00fdch zem\u00ed. <\/p>\n\n\n\n<!--more-->\n\n\n\n<p>K tomu d\u011bti vyrobily animovanou pohlednici a vybraly sv\u00e1 obl\u00edben\u00e1 v\u00e1no\u010dn\u00ed videa p\u00edsni\u010dek \u010di \u00faryvk\u016f z v\u00e1no\u010dn\u00edch film\u016f. V\u0161e jsme um\u00edstili na spole\u010dn\u00fdch str\u00e1nk\u00e1ch projektu a s nap\u011bt\u00edm o\u010dek\u00e1vali, kdy u\u017e za\u010dne prosinec, abychom si mohli pro\u010d\u00edtat p\u0159\u00e1n\u00ed kamar\u00e1d\u016f z Belgie, It\u00e1lie, \u0160pan\u011blska, Ukrajiny, Holandska, \u0158ecka a Rumunska. Douf\u00e1me, \u017ee d\u011btem za hranicemi na\u0161e p\u0159\u00e1n\u00ed zp\u0159\u00edjemnila \u010dek\u00e1n\u00ed na V\u00e1noce stejn\u011b tak jako n\u00e1m. Na tomto odkaze: <a href=\"https:\/\/www.symbaloo.com\/mix\/new-year-calendars\">https:\/\/www.symbaloo.com\/mix\/new-year-calendars<\/a> se m\u016f\u017eete p\u0159esv\u011bd\u010dit i vy, \u017ee p\u0159\u00e1n\u00ed jsou opravdu kr\u00e1sn\u00e1 a origin\u00e1ln\u00ed.<\/p>\n\n\n\n<p>Martina Maz\u00e1\u010dov\u00e1<\/p>\n","protected":false},"excerpt":{"rendered":"<p>Advent je \u010dasem o\u010dek\u00e1v\u00e1n\u00ed, zti\u0161en\u00ed a setk\u00e1n\u00ed s rodinou a p\u0159\u00e1teli. Pos\u00edl\u00e1n\u00ed p\u0159\u00e1n\u00ed je zp\u016fsob, jak \u0161\u00ed\u0159it radost a l\u00e1sku b\u011bhem tohoto obdob\u00ed. \u017d\u00e1ci 6.B letos v hodin\u00e1ch angli\u010dtiny p\u0159ipravovali speci\u00e1ln\u00ed adventn\u00ed kalend\u00e1\u0159. Ka\u017ed\u00fd dostal na starost jedno ok\u00e9nko kalend\u00e1\u0159e, do kter\u00e9ho um\u00edstil svou podobiznu, anglick\u00e9 p\u0159\u00e1n\u00ed, kter\u00e9 bylo nejen oblig\u00e1tn\u00edm:\u201eMerry Christmas and a Happy New Year\u201c, ale n\u011bkolika\u0159\u00e1dkov\u00fdm poselstv\u00edm <a href=\"https:\/\/www.zssafarikova.cz\/?p=8524\" class=\"read-more\">V\u00edce &#8230;<\/a><\/p>\n","protected":false},"author":1,"featured_media":0,"comment_status":"closed","ping_status":"closed","sticky":false,"template":"","format":"standard","meta":{"footnotes":""},"categories":[19,5],"tags":[],"class_list":["post-8524","post","type-post","status-publish","format-standard","hentry","category-do-tisku","category-projekt"],"_links":{"self":[{"href":"https:\/\/www.zssafarikova.cz\/index.php?rest_route=\/wp\/v2\/posts\/8524","targetHints":{"allow":["GET"]}}],"collection":[{"href":"https:\/\/www.zssafarikova.cz\/index.php?rest_route=\/wp\/v2\/posts"}],"about":[{"href":"https:\/\/www.zssafarikova.cz\/index.php?rest_route=\/wp\/v2\/types\/post"}],"author":[{"embeddable":true,"href":"https:\/\/www.zssafarikova.cz\/index.php?rest_route=\/wp\/v2\/users\/1"}],"replies":[{"embeddable":true,"href":"https:\/\/www.zssafarikova.cz\/index.php?rest_route=%2Fwp%2Fv2%2Fcomments&post=8524"}],"version-history":[{"count":1,"href":"https:\/\/www.zssafarikova.cz\/index.php?rest_route=\/wp\/v2\/posts\/8524\/revisions"}],"predecessor-version":[{"id":8525,"href":"https:\/\/www.zssafarikova.cz\/index.php?rest_route=\/wp\/v2\/posts\/8524\/revisions\/8525"}],"wp:attachment":[{"href":"https:\/\/www.zssafarikova.cz\/index.php?rest_route=%2Fwp%2Fv2%2Fmedia&parent=8524"}],"wp:term":[{"taxonomy":"category","embeddable":true,"href":"https:\/\/www.zssafarikova.cz\/index.php?rest_route=%2Fwp%2Fv2%2Fcategories&post=8524"},{"taxonomy":"post_tag","embeddable":true,"href":"https:\/\/www.zssafarikova.cz\/index.php?rest_route=%2Fwp%2Fv2%2Ftags&post=8524"}],"curies":[{"name":"wp","href":"https:\/\/api.w.org\/{rel}","templated":true}]}}