{"id":8521,"date":"2025-12-04T11:43:08","date_gmt":"2025-12-04T10:43:08","guid":{"rendered":"https:\/\/www.zssafarikova.cz\/?p=8521"},"modified":"2025-12-04T11:43:09","modified_gmt":"2025-12-04T10:43:09","slug":"nezlobime-tvorime","status":"publish","type":"post","link":"https:\/\/www.zssafarikova.cz\/?p=8521","title":{"rendered":"Nezlob\u00edme, tvo\u0159\u00edme\u00a0"},"content":{"rendered":"\n<figure><iframe src=\"https:\/\/www.zonerama.com\/Embed\/Album\/14317034?color=blue&amp;autoplay=false&amp;vertical=false&amp;secret=4VQFdOWXWxUPo1Msi7560De02\" style=\"width: 720px; height: 330px;\" scrolling=\"no\" frameborder=\"0\" allowtransparency=\"true\"><\/iframe><\/figure>\n\n\n\n<p>Krou\u017eek&nbsp;\u0160af\u00edkovo&nbsp;tvo\u0159en\u00ed funguje na&nbsp;na\u0161\u00ed \u0161kole ji\u017e n\u011bjak\u00fd p\u00e1tek. V leto\u0161n\u00edm roce jsme op\u011bt otev\u0159ely&nbsp;(Lenka a Alice) dva krou\u017eky. Stejn\u00e9 zam\u011b\u0159en\u00ed,&nbsp;jen jsme rozli\u0161ily&nbsp;v\u00fdtvarn\u00edky z prvn\u00edho a druh\u00e9ho ro\u010dn\u00edku. Nov\u00e1\u010dci&nbsp;jsou&nbsp;z&nbsp;prvn\u00ed&nbsp;t\u0159\u00eddy. D\u011bti, kter\u00e9 cht\u011bly pokra\u010dovat&nbsp;s tvo\u0159en\u00edm i v tomto roce&nbsp;jsou z druh\u00e9 t\u0159\u00eddy.&nbsp;<\/p>\n\n\n\n<p>Od konce m\u011bs\u00edce z\u00e1\u0159\u00ed malujeme a tvo\u0159\u00edme s\u00a0v\u00fdtvarn\u00fdm talentem. Nechyb\u00ed\u00a0snaha, p\u00edle\u00a0a\u00a0odvaha. Mal\u00ed um\u011blci se neboj\u00ed pracovat s\u00a0r\u016fzn\u00fdmi technikami. Such\u00fd a mastn\u00fd pastel, barvy akrylov\u00e9 i temperov\u00e9,\u00a0inkoustov\u00e9 barvy,\u00a0fixy, nebo i tu\u017eka. Vznikaj\u00ed \u00fa\u017easn\u00e1 d\u00edla, kter\u00e1 pravideln\u011b\u00a0vystavujeme na\u00a0chodb\u011b v na\u0161\u00ed \u0161kole.\u00a0<\/p>\n\n\n\n<!--more-->\n\n\n\n<p>Motivac\u00ed byl zpo\u010d\u00e1tku podzim a pestrobarevn\u00e9 listy.&nbsp;Inspirovalo n\u00e1s i z\u00e1ti\u0161\u00ed Vincenta Van&nbsp;Gogha&nbsp;&nbsp;\u201cZ\u00e1ti\u0161\u00ed se slune\u010dnicemi\u201d.&nbsp;&nbsp;Svat\u00e9ho Martina jsme v\u00fdtvarn\u011b pojali&nbsp;netradi\u010dn\u011b:&nbsp;\u201cHus\u00ed spole\u010dnost\u201d.&nbsp;S p\u0159\u00edchodem zimn\u00edho po\u010das\u00ed&nbsp;nechyb\u011bli\u201d&nbsp;Vrabci s kulichem\u201d. Ka\u017ed\u00e9 obdob\u00ed m\u00e1 sv\u00e9 kouzlo. Zima je pro&nbsp;mal\u00e9 um\u011blce velkou v\u00fdzvou.&nbsp;&nbsp;\u00da\u017easn\u00ed&nbsp;\u201cAnd\u011bl\u00e9&nbsp;\u201czdob\u00ed chodbu v \u0161atn\u011b \u0161koly, strome\u010dkov\u00fd z\u00e1v\u011bs v oknech cestou na prvn\u00ed stupe\u0148 je&nbsp;prvn\u00edm znakem, \u017ee&nbsp;se bl\u00ed\u017e\u00ed&nbsp;V\u00e1noce. Zvl\u00e1dli jsme spole\u010dn\u011b v\u00fdzdobu&nbsp;v\u00e1no\u010dn\u00edch strome\u010dk\u016f. Prvn\u00ed&nbsp;zdob\u00ed chodbu v na\u0161\u00ed \u0161kole, je hrav\u00fd a notov\u00fd. Ten druh\u00fd je&nbsp;u z\u00e1mku&nbsp;\u017derot\u00edn\u016f&nbsp;v na\u0161em m\u011bst\u011b. Hrd\u011b zastupuje na\u0161i \u0161kolu Z\u0160 \u0160afa\u0159\u00edkova.&nbsp;B\u011b\u017ete se pod\u00edvat.&nbsp;<\/p>\n\n\n\n<p>V\u011b\u0159\u00edme, \u017ee se n\u00e1m bude da\u0159it i nad\u00e1le.&nbsp;M\u00e1me n\u011bkolik v\u00fdzev, kter\u00fdch se neboj\u00edme.&nbsp;Nebudou chyb\u011bt&nbsp;v\u00fdtvarn\u00e9 sout\u011b\u017ee a v z\u00e1v\u011bru i spole\u010dn\u00e1 vernis\u00e1\u017e na konci \u0161koln\u00edho roku.&nbsp;V lo\u0148sk\u00e9m roce prob\u011bhl \u0161koln\u00ed t\u00e1bor s v\u00fdtvarn\u00fdm zam\u011b\u0159en\u00edm, kter\u00fd m\u011bl velk\u00fd \u00fasp\u011bch. V\u011b\u0159\u00edme, \u017ee i letos oslov\u00edme rodi\u010de.&nbsp;<\/p>\n\n\n\n<p>Mil\u00ed mal\u00ed um\u011blci, p\u0159ejeme V\u00e1m mnoho kr\u00e1sn\u00fdch v\u00fdtvor\u016f, radost z&nbsp;obr\u00e1zk\u016f,&nbsp;hlavn\u011b \u017e\u00e1dnou nudu.&nbsp;<\/p>\n\n\n\n<p>Va\u0161e pr\u016fvodkyn\u011b v\u00fdtvarn\u00fdm um\u011bn\u00edm&nbsp;<\/p>\n\n\n\n<p>Lenka \u0160im\u010d\u00edkov\u00e1 a Alice&nbsp;G\u00e9rykov\u00e1&nbsp;<\/p>\n","protected":false},"excerpt":{"rendered":"<p>Krou\u017eek&nbsp;\u0160af\u00edkovo&nbsp;tvo\u0159en\u00ed funguje na&nbsp;na\u0161\u00ed \u0161kole ji\u017e n\u011bjak\u00fd p\u00e1tek. V leto\u0161n\u00edm roce jsme op\u011bt otev\u0159ely&nbsp;(Lenka a Alice) dva krou\u017eky. Stejn\u00e9 zam\u011b\u0159en\u00ed,&nbsp;jen jsme rozli\u0161ily&nbsp;v\u00fdtvarn\u00edky z prvn\u00edho a druh\u00e9ho ro\u010dn\u00edku. Nov\u00e1\u010dci&nbsp;jsou&nbsp;z&nbsp;prvn\u00ed&nbsp;t\u0159\u00eddy. D\u011bti, kter\u00e9 cht\u011bly pokra\u010dovat&nbsp;s tvo\u0159en\u00edm i v tomto roce&nbsp;jsou z druh\u00e9 t\u0159\u00eddy.&nbsp; Od konce m\u011bs\u00edce z\u00e1\u0159\u00ed malujeme a tvo\u0159\u00edme s\u00a0v\u00fdtvarn\u00fdm talentem. Nechyb\u00ed\u00a0snaha, p\u00edle\u00a0a\u00a0odvaha. Mal\u00ed um\u011blci se neboj\u00ed pracovat s\u00a0r\u016fzn\u00fdmi technikami. Such\u00fd a mastn\u00fd <a href=\"https:\/\/www.zssafarikova.cz\/?p=8521\" class=\"read-more\">V\u00edce &#8230;<\/a><\/p>\n","protected":false},"author":1,"featured_media":0,"comment_status":"closed","ping_status":"closed","sticky":false,"template":"","format":"standard","meta":{"footnotes":""},"categories":[19,4],"tags":[],"class_list":["post-8521","post","type-post","status-publish","format-standard","hentry","category-do-tisku","category-akce"],"_links":{"self":[{"href":"https:\/\/www.zssafarikova.cz\/index.php?rest_route=\/wp\/v2\/posts\/8521","targetHints":{"allow":["GET"]}}],"collection":[{"href":"https:\/\/www.zssafarikova.cz\/index.php?rest_route=\/wp\/v2\/posts"}],"about":[{"href":"https:\/\/www.zssafarikova.cz\/index.php?rest_route=\/wp\/v2\/types\/post"}],"author":[{"embeddable":true,"href":"https:\/\/www.zssafarikova.cz\/index.php?rest_route=\/wp\/v2\/users\/1"}],"replies":[{"embeddable":true,"href":"https:\/\/www.zssafarikova.cz\/index.php?rest_route=%2Fwp%2Fv2%2Fcomments&post=8521"}],"version-history":[{"count":1,"href":"https:\/\/www.zssafarikova.cz\/index.php?rest_route=\/wp\/v2\/posts\/8521\/revisions"}],"predecessor-version":[{"id":8522,"href":"https:\/\/www.zssafarikova.cz\/index.php?rest_route=\/wp\/v2\/posts\/8521\/revisions\/8522"}],"wp:attachment":[{"href":"https:\/\/www.zssafarikova.cz\/index.php?rest_route=%2Fwp%2Fv2%2Fmedia&parent=8521"}],"wp:term":[{"taxonomy":"category","embeddable":true,"href":"https:\/\/www.zssafarikova.cz\/index.php?rest_route=%2Fwp%2Fv2%2Fcategories&post=8521"},{"taxonomy":"post_tag","embeddable":true,"href":"https:\/\/www.zssafarikova.cz\/index.php?rest_route=%2Fwp%2Fv2%2Ftags&post=8521"}],"curies":[{"name":"wp","href":"https:\/\/api.w.org\/{rel}","templated":true}]}}