{"id":8505,"date":"2025-11-27T09:33:43","date_gmt":"2025-11-27T08:33:43","guid":{"rendered":"https:\/\/www.zssafarikova.cz\/?p=8505"},"modified":"2025-11-27T09:38:46","modified_gmt":"2025-11-27T08:38:46","slug":"jake-bylo-vanoscni-tvoreni","status":"publish","type":"post","link":"https:\/\/www.zssafarikova.cz\/?p=8505","title":{"rendered":"Jak\u00e9 bylo v\u00e1no\u010dn\u00ed tvo\u0159en\u00ed"},"content":{"rendered":"\n<figure><iframe src=\"https:\/\/www.zonerama.com\/Embed\/Album\/14274132?color=blue&amp;autoplay=false&amp;vertical=false&amp;secret=SOARs0ELb5D1HP5H44a9TH9oo\" style=\"width: 720px; height: 330px;\" scrolling=\"no\" frameborder=\"0\" allowtransparency=\"true\"><\/iframe><\/figure>\n\n\n\n<p>P\u0159esto\u017ee po\u010das\u00ed odpoledne 24.11.2025 v\u016fbec nep\u0159\u00e1lo, a krom\u011b venkovn\u00ed teploty p\u0159ipom\u00ednalo sp\u00ed\u0161e jaro, v na\u0161\u00ed \u0161koln\u00ed j\u00eddeln\u011b jsme se za\u010dali p\u0159ipravovat na bl\u00ed\u017e\u00edc\u00ed se Advent.<\/p>\n\n\n\n<p>Ve v\u00e1no\u010dn\u00edch d\u00edln\u00e1ch se tvo\u0159ily v\u011bnce, d\u0159ev\u011bn\u00e9 strome\u010dky, zdobily se pern\u00ed\u010dky a vyr\u00e1b\u011bly kor\u00e1lkov\u00e9 ba\u0148ky.<\/p>\n\n\n\n<p>D\u011bt\u00ed s rodi\u010di se se\u0161lo opravdu hodn\u011b. Za t\u00f3n\u016f koled, v\u016fn\u011b pern\u00ed\u010dk\u016f, p\u00e1rk\u016f i ostatn\u00edch dobrot z bufetu se v\u0161ichni vrhli do tvo\u0159en\u00ed. <\/p>\n\n\n\n<!--more-->\n\n\n\n<p>J\u00eddelnou a t\u0159\u00eddou se nesla pohodov\u00e1 atmosf\u00e9ra. Rodi\u010de sv\u00fdm ratolestem pom\u00e1hali, sm\u00e1lo se, kl\u00e1bosilo i odpo\u010d\u00edvalo.&nbsp;<\/p>\n\n\n\n<p>\u010cas a shon se n\u00e1m v\u0161em na chv\u00edli zastavil. Na\u010derpali jsme pot\u0159ebnou s\u00edlu do nadch\u00e1zej\u00edc\u00edch dn\u00ed, i to je smysl t\u011bchto aktivit.<\/p>\n\n\n\n<p>\u0160koln\u00ed dru\u017eina d\u011bkuje v\u0161em z\u00fa\u010dastn\u011bn\u00fdm za p\u0159\u00edze\u0148 &#x1f642;<\/p>\n","protected":false},"excerpt":{"rendered":"<p>P\u0159esto\u017ee po\u010das\u00ed odpoledne 24.11.2025 v\u016fbec nep\u0159\u00e1lo, a krom\u011b venkovn\u00ed teploty p\u0159ipom\u00ednalo sp\u00ed\u0161e jaro, v na\u0161\u00ed \u0161koln\u00ed j\u00eddeln\u011b jsme se za\u010dali p\u0159ipravovat na bl\u00ed\u017e\u00edc\u00ed se Advent. Ve v\u00e1no\u010dn\u00edch d\u00edln\u00e1ch se tvo\u0159ily v\u011bnce, d\u0159ev\u011bn\u00e9 strome\u010dky, zdobily se pern\u00ed\u010dky a vyr\u00e1b\u011bly kor\u00e1lkov\u00e9 ba\u0148ky. D\u011bt\u00ed s rodi\u010di se se\u0161lo opravdu hodn\u011b. Za t\u00f3n\u016f koled, v\u016fn\u011b pern\u00ed\u010dk\u016f, p\u00e1rk\u016f i ostatn\u00edch dobrot z bufetu se v\u0161ichni <a href=\"https:\/\/www.zssafarikova.cz\/?p=8505\" class=\"read-more\">V\u00edce &#8230;<\/a><\/p>\n","protected":false},"author":1,"featured_media":0,"comment_status":"closed","ping_status":"closed","sticky":false,"template":"","format":"standard","meta":{"footnotes":""},"categories":[4],"tags":[],"class_list":["post-8505","post","type-post","status-publish","format-standard","hentry","category-akce"],"_links":{"self":[{"href":"https:\/\/www.zssafarikova.cz\/index.php?rest_route=\/wp\/v2\/posts\/8505","targetHints":{"allow":["GET"]}}],"collection":[{"href":"https:\/\/www.zssafarikova.cz\/index.php?rest_route=\/wp\/v2\/posts"}],"about":[{"href":"https:\/\/www.zssafarikova.cz\/index.php?rest_route=\/wp\/v2\/types\/post"}],"author":[{"embeddable":true,"href":"https:\/\/www.zssafarikova.cz\/index.php?rest_route=\/wp\/v2\/users\/1"}],"replies":[{"embeddable":true,"href":"https:\/\/www.zssafarikova.cz\/index.php?rest_route=%2Fwp%2Fv2%2Fcomments&post=8505"}],"version-history":[{"count":3,"href":"https:\/\/www.zssafarikova.cz\/index.php?rest_route=\/wp\/v2\/posts\/8505\/revisions"}],"predecessor-version":[{"id":8508,"href":"https:\/\/www.zssafarikova.cz\/index.php?rest_route=\/wp\/v2\/posts\/8505\/revisions\/8508"}],"wp:attachment":[{"href":"https:\/\/www.zssafarikova.cz\/index.php?rest_route=%2Fwp%2Fv2%2Fmedia&parent=8505"}],"wp:term":[{"taxonomy":"category","embeddable":true,"href":"https:\/\/www.zssafarikova.cz\/index.php?rest_route=%2Fwp%2Fv2%2Fcategories&post=8505"},{"taxonomy":"post_tag","embeddable":true,"href":"https:\/\/www.zssafarikova.cz\/index.php?rest_route=%2Fwp%2Fv2%2Ftags&post=8505"}],"curies":[{"name":"wp","href":"https:\/\/api.w.org\/{rel}","templated":true}]}}