{"id":7954,"date":"2025-02-07T14:46:22","date_gmt":"2025-02-07T13:46:22","guid":{"rendered":"https:\/\/www.zssafarikova.cz\/?p=7954"},"modified":"2025-02-07T14:46:23","modified_gmt":"2025-02-07T13:46:23","slug":"maja-je-nejlepsi-v-okrese","status":"publish","type":"post","link":"https:\/\/www.zssafarikova.cz\/?p=7954","title":{"rendered":"M\u00e1ja je nejlep\u0161\u00ed v\u00a0okrese!"},"content":{"rendered":"\n<figure><iframe src=\"https:\/\/www.zonerama.com\/Embed\/Album\/12831837?color=blue&amp;autoplay=false&amp;vertical=false&amp;secret=3alG34Sb3W6JxgXB40ARBs2mA\" style=\"width: 720px; height: 330px;\" scrolling=\"no\" frameborder=\"0\" allowtransparency=\"true\"><\/iframe><\/figure>\n\n\n\n<p>Dne 5.\u00fanora se na m\u00edstn\u00edm gymn\u00e1ziu konalo okresn\u00ed kolo olympi\u00e1dy v\u00a0n\u011bmeck\u00e9m jazyce. Na\u0161e \u0161kola sout\u011b\u017eila ve dvou kategori\u00edch. V\u00a0kategorii z\u00e1kladn\u00edch \u0161kol sout\u011b\u017eilo celkem 18 \u017e\u00e1k\u016f ze sedmi z\u00e1kladn\u00edch \u0161kol na\u0161eho okresu. V\u00a0kategorii sedm\u00fdch t\u0159\u00edd se Mariana Vondrov\u00e1 ze 7. A um\u00edstila na kr\u00e1sn\u00e9m prvn\u00edm m\u00edst\u011b a s\u00a0p\u0159ehledem za sebou nechala i sout\u011b\u017e\u00edc\u00ed ze \u0161koly s\u00a0roz\u0161\u00ed\u0159enou v\u00fdukou n\u011bmeck\u00e9ho jazyka. Klobouk dol\u016f! V\u00a0kategorii osm\u00fdch a dev\u00e1t\u00fdch t\u0159\u00edd z\u00edskala skv\u011bl\u00e9 t\u0159et\u00ed m\u00edsto \u00a0Alice Krejsov\u00e1 z\u00a09.A . Op\u011bt senza\u010dn\u00ed v\u00fdkon, proto\u017ee prvn\u00ed dv\u011b p\u0159\u00ed\u010dky obsadila \u0161kola s\u00a0roz\u0161\u00ed\u0159enou v\u00fdukou n\u011bm\u010diny. Ani dal\u0161\u00ed sout\u011b\u017e\u00edc\u00ed na\u0161\u00ed \u0161kole neud\u011blaly ostudu a p\u0159edvedly p\u011bkn\u00fd v\u00fdkon. Jedn\u00e1 se o Barboru Bo\u017ekovou z\u00a09. A, kter\u00e9 jej\u00ed konverza\u010dn\u00ed schopnosti sta\u010dily na 5. m\u00edsto ve star\u0161\u00ed\u00a0kategorii a stejn\u011b tak i 5. m\u00edsto v\u00a0mlad\u0161\u00ed kategorii pro Terezu G\u00e1\u0161kovou ze 7.B. \u00a0Velmi m\u011b t\u011b\u0161\u00ed, \u017ee se na gymn\u00e1ziu setk\u00e1v\u00e1m s\u00a0na\u0161imi b\u00fdval\u00fdmi \u017e\u00e1ky, kte\u0159\u00ed v\u00a0n\u011bm\u010din\u011b \u00fasp\u011b\u0161n\u011b pokra\u010duj\u00ed &#x1f60a;<\/p>\n\n\n\n<p>V\u0161em \u00fa\u010dastn\u00edk\u016fm gratuluji, d\u011bkuji za skv\u011blou reprezentaci na\u0161\u00ed \u0161koly, kolegyn\u00edm za spolupr\u00e1ci, zejm\u00e9na Han\u011b B\u0159ou\u0161kov\u00e9 za perfektn\u00ed p\u0159\u00edpravu M\u00e1ji.<\/p>\n\n\n\n<p>Magdalena Hrstkov\u00e1<\/p>\n","protected":false},"excerpt":{"rendered":"<p>Dne 5.\u00fanora se na m\u00edstn\u00edm gymn\u00e1ziu konalo okresn\u00ed kolo olympi\u00e1dy v\u00a0n\u011bmeck\u00e9m jazyce. Na\u0161e \u0161kola sout\u011b\u017eila ve dvou kategori\u00edch. V\u00a0kategorii z\u00e1kladn\u00edch \u0161kol sout\u011b\u017eilo celkem 18 \u017e\u00e1k\u016f ze sedmi z\u00e1kladn\u00edch \u0161kol na\u0161eho okresu. V\u00a0kategorii sedm\u00fdch t\u0159\u00edd se Mariana Vondrov\u00e1 ze 7. A um\u00edstila na kr\u00e1sn\u00e9m prvn\u00edm m\u00edst\u011b a s\u00a0p\u0159ehledem za sebou nechala i sout\u011b\u017e\u00edc\u00ed ze \u0161koly s\u00a0roz\u0161\u00ed\u0159enou v\u00fdukou n\u011bmeck\u00e9ho jazyka. Klobouk dol\u016f! <a href=\"https:\/\/www.zssafarikova.cz\/?p=7954\" class=\"read-more\">V\u00edce &#8230;<\/a><\/p>\n","protected":false},"author":1,"featured_media":0,"comment_status":"closed","ping_status":"closed","sticky":false,"template":"","format":"standard","meta":{"footnotes":""},"categories":[19,25],"tags":[],"class_list":["post-7954","post","type-post","status-publish","format-standard","hentry","category-do-tisku","category-soutez"],"_links":{"self":[{"href":"https:\/\/www.zssafarikova.cz\/index.php?rest_route=\/wp\/v2\/posts\/7954","targetHints":{"allow":["GET"]}}],"collection":[{"href":"https:\/\/www.zssafarikova.cz\/index.php?rest_route=\/wp\/v2\/posts"}],"about":[{"href":"https:\/\/www.zssafarikova.cz\/index.php?rest_route=\/wp\/v2\/types\/post"}],"author":[{"embeddable":true,"href":"https:\/\/www.zssafarikova.cz\/index.php?rest_route=\/wp\/v2\/users\/1"}],"replies":[{"embeddable":true,"href":"https:\/\/www.zssafarikova.cz\/index.php?rest_route=%2Fwp%2Fv2%2Fcomments&post=7954"}],"version-history":[{"count":1,"href":"https:\/\/www.zssafarikova.cz\/index.php?rest_route=\/wp\/v2\/posts\/7954\/revisions"}],"predecessor-version":[{"id":7955,"href":"https:\/\/www.zssafarikova.cz\/index.php?rest_route=\/wp\/v2\/posts\/7954\/revisions\/7955"}],"wp:attachment":[{"href":"https:\/\/www.zssafarikova.cz\/index.php?rest_route=%2Fwp%2Fv2%2Fmedia&parent=7954"}],"wp:term":[{"taxonomy":"category","embeddable":true,"href":"https:\/\/www.zssafarikova.cz\/index.php?rest_route=%2Fwp%2Fv2%2Fcategories&post=7954"},{"taxonomy":"post_tag","embeddable":true,"href":"https:\/\/www.zssafarikova.cz\/index.php?rest_route=%2Fwp%2Fv2%2Ftags&post=7954"}],"curies":[{"name":"wp","href":"https:\/\/api.w.org\/{rel}","templated":true}]}}