{"id":7826,"date":"2024-11-04T08:18:40","date_gmt":"2024-11-04T07:18:40","guid":{"rendered":"https:\/\/www.zssafarikova.cz\/?p=7826"},"modified":"2024-11-04T08:18:41","modified_gmt":"2024-11-04T07:18:41","slug":"zari-a-rijen-ve-skolni-druzine","status":"publish","type":"post","link":"https:\/\/www.zssafarikova.cz\/?p=7826","title":{"rendered":"Z\u00e1\u0159\u00ed a \u0159\u00edjen ve \u0161koln\u00ed dru\u017ein\u011b"},"content":{"rendered":"\n<figure class=\"wp-block-image size-large\"><img loading=\"lazy\" decoding=\"async\" width=\"1024\" height=\"576\" src=\"https:\/\/www.zssafarikova.cz\/wp-content\/uploads\/2024\/11\/image-1024x576.png\" alt=\"\" class=\"wp-image-7827\" srcset=\"https:\/\/www.zssafarikova.cz\/wp-content\/uploads\/2024\/11\/image-1024x576.png 1024w, https:\/\/www.zssafarikova.cz\/wp-content\/uploads\/2024\/11\/image-300x169.png 300w, https:\/\/www.zssafarikova.cz\/wp-content\/uploads\/2024\/11\/image-768x432.png 768w, https:\/\/www.zssafarikova.cz\/wp-content\/uploads\/2024\/11\/image-1536x864.png 1536w, https:\/\/www.zssafarikova.cz\/wp-content\/uploads\/2024\/11\/image-360x203.png 360w, https:\/\/www.zssafarikova.cz\/wp-content\/uploads\/2024\/11\/image-1320x743.png 1320w, https:\/\/www.zssafarikova.cz\/wp-content\/uploads\/2024\/11\/image.png 1920w\" sizes=\"auto, (max-width: 1024px) 100vw, 1024px\" \/><\/figure>\n\n\n\n<p>Po dvoum\u011bs\u00ed\u010dn\u00edch pr\u00e1zdnin\u00e1ch se d\u011bti vr\u00e1tily op\u011bt do lavic a tak\u00e9 do \u0161koln\u00ed dru\u017einy a ne\u017e jsme se nad\u00e1li, m\u00e1me za sebou dva m\u011bs\u00edce \u0161koln\u00edho roku.<\/p>\n\n\n\n<p>Byly to dva m\u011bs\u00edce pln\u00e9 nov\u00fdch z\u00e1\u017eitk\u016f, a to nejen pro prv\u0148\u00e1\u010dky, kter\u00e9 jsme s otev\u0159enou n\u00e1ru\u010d\u00ed p\u0159iv\u00edtali ve \u0161kole i ve \u0161koln\u00ed dru\u017ein\u011b.<\/p>\n\n\n\n<p>\u2740 Spole\u010dn\u011b jsme se pustili do celoro\u010dn\u00edho dru\u017einov\u00e9ho projektu \u201e DO SV\u011aTA ZA ZV\u00cd\u0158\u00c1TKY\u201c. Po prvn\u00edch dvou m\u011bs\u00edc\u00edch jsme slavnostn\u011b dokon\u010dili prvn\u00ed etapu s n\u00e1zvem Afrika. D\u011bti se dozv\u011bd\u011bly mnoho zaj\u00edmavost\u00ed o zv\u00ed\u0159atech \u017eij\u00edc\u00edch na tomto prastar\u00e9m kontinent\u011b, malovaly obr\u00e1zky a sb\u00edraly raz\u00edtka za spln\u011bn\u00e9 \u00fakoly. U\u017e se t\u011b\u0161\u00edme na spole\u010dn\u00e9 pozn\u00e1v\u00e1n\u00ed dal\u0161\u00edho sv\u011btad\u00edlu, tentokr\u00e1t to bude Amerika.<\/p>\n\n\n\n<!--more-->\n\n\n\n<p>\u2740 Nav\u0161t\u00edvili jsme Diakonii Vala\u0161sk\u00e9 Mezi\u0159\u00ed\u010d\u00ed a d\u011bti spole\u010dn\u011b s babi\u010dkami a d\u011bde\u010dky vyrobily z p\u0159\u00edrodnin hmyz\u00ed hotel.<\/p>\n\n\n\n<p>\u2740 26. z\u00e1\u0159\u00ed jsme se z\u00fa\u010dastnili akce Den s BESIPem. V r\u00e1mci programu \u201eD\u011bti hur\u00e1 bezpe\u010dn\u011b do \u0161koly\u201c d\u011bti putovaly po stanovi\u0161t\u00edch za odm\u011bnou. Svou pr\u00e1ci p\u0159edstavili hasi\u010di, zdravotn\u00edci nebo str\u00e1\u017en\u00edci m\u011bstsk\u00e9 policie a nechyb\u011bl ani dal\u0161\u00ed bohat\u00fd doprovodn\u00fd program.<\/p>\n\n\n\n<p>\u2740 Stejn\u011b jako \u0159idi\u010di aut chod\u00ed nejprve do auto\u0161koly, hod\u00ed se i cyklist\u016fm dobr\u00fd tr\u00e9nink. P\u0159i n\u00e1v\u0161t\u011bv\u011b dopravn\u00edho h\u0159i\u0161t\u011b si d\u011bti procvi\u010dily pravidla silni\u010dn\u00edho provozu i zru\u010dnost j\u00edzdy na kole, kolob\u011b\u017ece nebo k\u00e1\u0159e.<\/p>\n\n\n\n<p>\u2740 Dvakr\u00e1t jsme si za\u0161li do kina. Jednou jsme se v \u010desk\u00e9m rodinn\u00e9m filmu sezn\u00e1mili s Gumpem \u2013 psem, kter\u00fd nau\u010dil lidi \u017e\u00edt. Podruh\u00e9 jsme obdivovali zv\u00ed\u0159ec\u00edho superhrdinu ve filmu Kung Fu Panda 4.<\/p>\n\n\n\n<p>\u2740 N\u00e1v\u0161t\u011bva FunParku \u017dirafa v ostravsk\u00e9m Avionu pat\u0159\u00ed pravideln\u011b mezi velmi obl\u00edben\u00e9 akce. Ve st\u0159edu 16.\u0159\u00edjna si d\u011bti u\u017eily neuv\u011b\u0159iteln\u00e9 mno\u017estv\u00ed n\u00e1padit\u00fdch prol\u00e9za\u010dek, d\u011btsk\u00e9 trampol\u00edny, autodrom, poj\u00edzdn\u00e1 zv\u00ed\u0159\u00e1tka, sk\u00e1kac\u00ed hrad \u010di mno\u017estv\u00ed r\u016fzn\u00fdch sk\u00e1kadel a houpadel.<\/p>\n\n\n\n<p>Modr\u00e1 obloha a slun\u00ed\u010dko p\u0159\u00e1ly venkovn\u00edm pohybov\u00fdm aktivit\u00e1m. V\u011bt\u0161inu voln\u00e9ho \u010dasu jsme tr\u00e1vili na h\u0159i\u0161ti. A proto\u017ee podzimn\u00ed p\u0159\u00edroda nab\u00edz\u00ed mnoho zaj\u00edmav\u00e9ho materi\u00e1lu pro tvo\u0159en\u00ed, sb\u00edrali jsme a tvo\u0159ili p\u011bkn\u00e9 v\u00fdrobky z p\u0159\u00edrodnin a nejr\u016fzn\u011bj\u0161\u00ed dekorace k nadch\u00e1zej\u00edc\u00edmu Halloweenu.<\/p>\n\n\n\n<p>Fotky z \u010dinnosti \u0161koln\u00ed dru\u017einy najdete ve fotogalerii \u0161koly ve slo\u017ece Z\u00c1\u0158\u00cd A \u0158\u00cdJEN VE \u0160KOLN\u00cd DRU\u017dIN\u011a.<\/p>\n\n\n\n<p>Vychovatelky \u0160D<\/p>\n","protected":false},"excerpt":{"rendered":"<p>Po dvoum\u011bs\u00ed\u010dn\u00edch pr\u00e1zdnin\u00e1ch se d\u011bti vr\u00e1tily op\u011bt do lavic a tak\u00e9 do \u0161koln\u00ed dru\u017einy a ne\u017e jsme se nad\u00e1li, m\u00e1me za sebou dva m\u011bs\u00edce \u0161koln\u00edho roku. Byly to dva m\u011bs\u00edce pln\u00e9 nov\u00fdch z\u00e1\u017eitk\u016f, a to nejen pro prv\u0148\u00e1\u010dky, kter\u00e9 jsme s otev\u0159enou n\u00e1ru\u010d\u00ed p\u0159iv\u00edtali ve \u0161kole i ve \u0161koln\u00ed dru\u017ein\u011b. \u2740 Spole\u010dn\u011b jsme se pustili do celoro\u010dn\u00edho dru\u017einov\u00e9ho projektu \u201e <a href=\"https:\/\/www.zssafarikova.cz\/?p=7826\" class=\"read-more\">V\u00edce &#8230;<\/a><\/p>\n","protected":false},"author":1,"featured_media":0,"comment_status":"closed","ping_status":"closed","sticky":false,"template":"","format":"standard","meta":{"footnotes":""},"categories":[4],"tags":[],"class_list":["post-7826","post","type-post","status-publish","format-standard","hentry","category-akce"],"_links":{"self":[{"href":"https:\/\/www.zssafarikova.cz\/index.php?rest_route=\/wp\/v2\/posts\/7826","targetHints":{"allow":["GET"]}}],"collection":[{"href":"https:\/\/www.zssafarikova.cz\/index.php?rest_route=\/wp\/v2\/posts"}],"about":[{"href":"https:\/\/www.zssafarikova.cz\/index.php?rest_route=\/wp\/v2\/types\/post"}],"author":[{"embeddable":true,"href":"https:\/\/www.zssafarikova.cz\/index.php?rest_route=\/wp\/v2\/users\/1"}],"replies":[{"embeddable":true,"href":"https:\/\/www.zssafarikova.cz\/index.php?rest_route=%2Fwp%2Fv2%2Fcomments&post=7826"}],"version-history":[{"count":1,"href":"https:\/\/www.zssafarikova.cz\/index.php?rest_route=\/wp\/v2\/posts\/7826\/revisions"}],"predecessor-version":[{"id":7828,"href":"https:\/\/www.zssafarikova.cz\/index.php?rest_route=\/wp\/v2\/posts\/7826\/revisions\/7828"}],"wp:attachment":[{"href":"https:\/\/www.zssafarikova.cz\/index.php?rest_route=%2Fwp%2Fv2%2Fmedia&parent=7826"}],"wp:term":[{"taxonomy":"category","embeddable":true,"href":"https:\/\/www.zssafarikova.cz\/index.php?rest_route=%2Fwp%2Fv2%2Fcategories&post=7826"},{"taxonomy":"post_tag","embeddable":true,"href":"https:\/\/www.zssafarikova.cz\/index.php?rest_route=%2Fwp%2Fv2%2Ftags&post=7826"}],"curies":[{"name":"wp","href":"https:\/\/api.w.org\/{rel}","templated":true}]}}