{"id":7817,"date":"2024-10-21T13:28:19","date_gmt":"2024-10-21T12:28:19","guid":{"rendered":"https:\/\/www.zssafarikova.cz\/?p=7817"},"modified":"2024-10-21T13:28:20","modified_gmt":"2024-10-21T12:28:20","slug":"dny-erasmu-se-letos-konaly-i-na-safarce","status":"publish","type":"post","link":"https:\/\/www.zssafarikova.cz\/?p=7817","title":{"rendered":"Dny Erasmu se letos konaly i na \u0160afa\u0159ce"},"content":{"rendered":"<div class=\"wp-block-image\">\n<figure class=\"aligncenter size-full is-resized\"><img loading=\"lazy\" decoding=\"async\" width=\"1024\" height=\"215\" src=\"https:\/\/www.zssafarikova.cz\/wp-content\/uploads\/2024\/09\/image.png\" alt=\"\" class=\"wp-image-7762\" style=\"width:619px;height:auto\" srcset=\"https:\/\/www.zssafarikova.cz\/wp-content\/uploads\/2024\/09\/image.png 1024w, https:\/\/www.zssafarikova.cz\/wp-content\/uploads\/2024\/09\/image-300x63.png 300w, https:\/\/www.zssafarikova.cz\/wp-content\/uploads\/2024\/09\/image-768x161.png 768w, https:\/\/www.zssafarikova.cz\/wp-content\/uploads\/2024\/09\/image-360x76.png 360w\" sizes=\"auto, (max-width: 1024px) 100vw, 1024px\" \/><\/figure>\n<\/div>\n\n\n<figure><iframe src=\"https:\/\/www.zonerama.com\/Embed\/Album\/12319767?color=blue&amp;autoplay=false&amp;vertical=false&amp;secret=ryewPi5gcYL6v0H95KbOFM409\" style=\"width: 720px; height: 330px;\" scrolling=\"no\" frameborder=\"0\" allowtransparency=\"true\"><\/iframe><\/figure>\n\n\n\n<p>\u017de se na na\u0161\u00ed \u0161kole u\u010ditel\u00e9 i \u017e\u00e1ci vzd\u011bl\u00e1vaj\u00ed v\u00a0programech Erasmus+ ji\u017e 15 let si na str\u00e1nk\u00e1ch \u0161koly m\u016f\u017eete p\u0159e\u010d\u00edst docela \u010dasto. Co si ale vyzkou\u0161et n\u011bkter\u00e9 aktivity \u201elive\u201c? To byl jeden z\u00a0d\u016fvod\u016f, pro\u010d jsme se letos rozhodli \u017e\u00e1k\u016fm 5.-9. ro\u010dn\u00edk\u016f p\u0159ibl\u00ed\u017eit zku\u0161enosti z\u00a0ji\u017e po\u0159\u00e1dan\u00fdch\u201eErasm\u016f\u201c . Akce, kterou jsme uspo\u0159\u00e1dali 1. a 2. hodinu dne 16.10., byla sou\u010d\u00e1st\u00ed t\u00fddne Erasmus Days, do kter\u00e9ho se zapojilo na 10.000 organizac\u00ed v\u00a0mnoha st\u00e1tech EU. Ka\u017ed\u00e1 zem\u011b m\u00e1 svou n\u00e1rodn\u00ed organizaci, u n\u00e1s je to D\u016fm zahrani\u010dn\u00edch slu\u017eeb, a ve spolupr\u00e1ci s\u00a0n\u00ed se n\u00e1m poda\u0159ilo uspo\u0159\u00e1dat i na\u0161i akci.<\/p>\n\n\n\n<!--more-->\n\n\n\n<p>Ve 14 workshopech\u00a0 \u017e\u00e1ci sout\u011b\u017eili, tvo\u0159ili a vst\u0159eb\u00e1vali benefity projekt\u016f, kter\u00fdmi vedouc\u00ed workshop\u016f pro\u0161li. Mohli se tak nap\u0159\u00edklad spojit se 3 t\u0159\u00eddami \u017e\u00e1k\u016f ve Francii a Finsku, pou\u017e\u00edt angli\u010dtinu, n\u011bm\u010dinu a i tro\u0161ku francouz\u0161tiny. Pov\u00eddali si o r\u016fzn\u00fdch zem\u00edch EU, ve kter\u00fdch projekty prob\u00edhaly a tak\u00e9 si zazp\u00edvali, upekli si pern\u00edkov\u00e9 hv\u011bzdi\u010dky jako symboly z\u00e1\u0159\u00edc\u00edch a vo\u0148av\u00fdch zku\u0161enost\u00ed z\u00a0pozn\u00e1v\u00e1n\u00ed Evropy. Po celou dobu s\u00a0n\u00e1mi byly ve \u0161kole tak\u00e9 dv\u011b \u0161pan\u011blsk\u00e9 u\u010ditelky Mariola a Romina, kter\u00e9 \u00a0v\u00a0r\u00e1mci projektu Erasmus+ Job shadowing st\u00ednovaly metody v\u00fduky na na\u0161\u00ed \u0161kole. V\u00a0d\u00edlni\u010dk\u00e1ch vznikla spousta hezk\u00fdch v\u00fdtvor\u016f, kter\u00e9 si m\u016f\u017eete prohl\u00e9dnout v\u00a0p\u0159\u00edzem\u00ed 2. stupn\u011b.<\/p>\n\n\n\n<p>Martina Maz\u00e1\u010dov\u00e1<\/p>\n","protected":false},"excerpt":{"rendered":"<p>\u017de se na na\u0161\u00ed \u0161kole u\u010ditel\u00e9 i \u017e\u00e1ci vzd\u011bl\u00e1vaj\u00ed v\u00a0programech Erasmus+ ji\u017e 15 let si na str\u00e1nk\u00e1ch \u0161koly m\u016f\u017eete p\u0159e\u010d\u00edst docela \u010dasto. Co si ale vyzkou\u0161et n\u011bkter\u00e9 aktivity \u201elive\u201c? To byl jeden z\u00a0d\u016fvod\u016f, pro\u010d jsme se letos rozhodli \u017e\u00e1k\u016fm 5.-9. ro\u010dn\u00edk\u016f p\u0159ibl\u00ed\u017eit zku\u0161enosti z\u00a0ji\u017e po\u0159\u00e1dan\u00fdch\u201eErasm\u016f\u201c . Akce, kterou jsme uspo\u0159\u00e1dali 1. a 2. hodinu dne 16.10., byla sou\u010d\u00e1st\u00ed t\u00fddne Erasmus <a href=\"https:\/\/www.zssafarikova.cz\/?p=7817\" class=\"read-more\">V\u00edce &#8230;<\/a><\/p>\n","protected":false},"author":1,"featured_media":0,"comment_status":"closed","ping_status":"closed","sticky":false,"template":"","format":"standard","meta":{"footnotes":""},"categories":[19,5,4],"tags":[],"class_list":["post-7817","post","type-post","status-publish","format-standard","hentry","category-do-tisku","category-projekt","category-akce"],"_links":{"self":[{"href":"https:\/\/www.zssafarikova.cz\/index.php?rest_route=\/wp\/v2\/posts\/7817","targetHints":{"allow":["GET"]}}],"collection":[{"href":"https:\/\/www.zssafarikova.cz\/index.php?rest_route=\/wp\/v2\/posts"}],"about":[{"href":"https:\/\/www.zssafarikova.cz\/index.php?rest_route=\/wp\/v2\/types\/post"}],"author":[{"embeddable":true,"href":"https:\/\/www.zssafarikova.cz\/index.php?rest_route=\/wp\/v2\/users\/1"}],"replies":[{"embeddable":true,"href":"https:\/\/www.zssafarikova.cz\/index.php?rest_route=%2Fwp%2Fv2%2Fcomments&post=7817"}],"version-history":[{"count":1,"href":"https:\/\/www.zssafarikova.cz\/index.php?rest_route=\/wp\/v2\/posts\/7817\/revisions"}],"predecessor-version":[{"id":7818,"href":"https:\/\/www.zssafarikova.cz\/index.php?rest_route=\/wp\/v2\/posts\/7817\/revisions\/7818"}],"wp:attachment":[{"href":"https:\/\/www.zssafarikova.cz\/index.php?rest_route=%2Fwp%2Fv2%2Fmedia&parent=7817"}],"wp:term":[{"taxonomy":"category","embeddable":true,"href":"https:\/\/www.zssafarikova.cz\/index.php?rest_route=%2Fwp%2Fv2%2Fcategories&post=7817"},{"taxonomy":"post_tag","embeddable":true,"href":"https:\/\/www.zssafarikova.cz\/index.php?rest_route=%2Fwp%2Fv2%2Ftags&post=7817"}],"curies":[{"name":"wp","href":"https:\/\/api.w.org\/{rel}","templated":true}]}}