{"id":7815,"date":"2024-10-21T08:57:56","date_gmt":"2024-10-21T07:57:56","guid":{"rendered":"https:\/\/www.zssafarikova.cz\/?p=7815"},"modified":"2024-10-21T08:57:57","modified_gmt":"2024-10-21T07:57:57","slug":"uz-vime-jak-se-uci-ve-spanelsku","status":"publish","type":"post","link":"https:\/\/www.zssafarikova.cz\/?p=7815","title":{"rendered":"U\u017e v\u00edme, jak se u\u010d\u00ed ve \u0160pan\u011blsku"},"content":{"rendered":"\n<iframe src=\"https:\/\/www.zonerama.com\/Embed\/Album\/12317927?color=blue&#038;autoplay=false&#038;vertical=false&#038;secret=7ucMq4qWthl5bs3U2LEjTwFF8\" style=\"width: 720px; height: 330px;\" scrolling=\"no\" frameborder=\"0\" allowTransparency=\"true\"><\/iframe>\n\n\n\n<p>Nastaly kr\u00e1sn\u00e9 podzimn\u00ed dny a u n\u00e1s ve \u0161kole se v\u00a0t\u00fddnu od 14. do 18.10. objevily dv\u011b nov\u00e9 pan\u00ed u\u010ditelky, kter\u00e9 ov\u0161em nemluvily \u010desky. V\u00a0r\u00e1mci programu Erasmus+ Job shadowing (st\u00ednov\u00e1n\u00ed metod v\u00fduky na \u0161kol\u00e1ch v\u00a0zahrani\u010d\u00ed) k\u00a0n\u00e1m zav\u00edtaly Mariola a Romina z\u00a0Kan\u00e1rsk\u00fdch ostrov\u016f, konkr\u00e9tn\u011b z\u00a0toho nejv\u011bt\u0161\u00edho \u2013 Gran Canaria, aby se pod\u00edvaly do hodin ciz\u00edch jazyk\u016f a tak\u00e9 porovnaly, jak vyu\u017e\u00edv\u00e1me metodu CLIL (v\u00fduka p\u0159edm\u011bt\u016f v\u00a0angli\u010dtin\u011b).<\/p>\n\n\n\n<!--more-->\n\n\n\n<p>Cel\u00fd t\u00fdden jsme si velice hezky u\u017eili, proto\u017ee pan\u00ed u\u010ditelky nejen sledovaly a psaly si pozn\u00e1mky z&nbsp;hodin, ale tak\u00e9 se aktivn\u011b zapojily a p\u0159edstavily \u017e\u00e1k\u016fm m\u00edsto, kde \u017eij\u00ed.&nbsp; Pov\u00eddaly si s&nbsp;nimi o \u017eivot\u011b v&nbsp;jejich \u0161kole anglicky i francouzsky. A tak ji\u017e v\u00edme, \u017ee se d\u011bti ve \u0160pan\u011blsku u\u010d\u00ed ve v\u00edce po\u010detn\u00fdch t\u0159\u00edd\u00e1ch, a to i ciz\u00ed jazyky, \u0161kola jim za\u010d\u00edn\u00e1 jako u n\u00e1s v&nbsp;8.00 a kon\u010d\u00ed ve 14.00. Nemaj\u00ed ale t\u0159eba \u0161koln\u00ed ob\u011bdy a na za\u010d\u00e1tku \u0161koln\u00ed doch\u00e1zky dostanou tablet, kter\u00fd pou\u017e\u00edvaj\u00ed a\u017e do ukon\u010den\u00ed \u0161koly.&nbsp; Mnoho u\u010debnic pak mohou m\u00edt elektronick\u00fdch a nemusej\u00ed je p\u0159en\u00e1\u0161et dom\u016f a do \u0161koly. Mariola a Romina u n\u00e1s ve \u0161kole ocenily nad\u0161en\u00ed d\u011bt\u00ed komunikovat s&nbsp;nimi anglicky, moc se jim tak\u00e9 l\u00edbila akce Erasmus Days, kdy si mohly ud\u011blat obr\u00e1zek o tom, jak na\u0161i \u017e\u00e1ci pracuj\u00ed v&nbsp;projektech.<\/p>\n\n\n\n<p>Jsme r\u00e1di, \u017ee mezin\u00e1rodn\u00ed spolupr\u00e1ce bude i nad\u00e1le pokra\u010dovat a brzy se Mariola a Romina zapoj\u00ed i do na\u0161ich aktivit Erasmus+ se \u017e\u00e1ky.<\/p>\n\n\n\n<p>Martina Maz\u00e1\u010dov\u00e1<\/p>\n","protected":false},"excerpt":{"rendered":"<p>Nastaly kr\u00e1sn\u00e9 podzimn\u00ed dny a u n\u00e1s ve \u0161kole se v\u00a0t\u00fddnu od 14. do 18.10. objevily dv\u011b nov\u00e9 pan\u00ed u\u010ditelky, kter\u00e9 ov\u0161em nemluvily \u010desky. V\u00a0r\u00e1mci programu Erasmus+ Job shadowing (st\u00ednov\u00e1n\u00ed metod v\u00fduky na \u0161kol\u00e1ch v\u00a0zahrani\u010d\u00ed) k\u00a0n\u00e1m zav\u00edtaly Mariola a Romina z\u00a0Kan\u00e1rsk\u00fdch ostrov\u016f, konkr\u00e9tn\u011b z\u00a0toho nejv\u011bt\u0161\u00edho \u2013 Gran Canaria, aby se pod\u00edvaly do hodin ciz\u00edch jazyk\u016f a tak\u00e9 porovnaly, jak vyu\u017e\u00edv\u00e1me <a href=\"https:\/\/www.zssafarikova.cz\/?p=7815\" class=\"read-more\">V\u00edce &#8230;<\/a><\/p>\n","protected":false},"author":1,"featured_media":0,"comment_status":"closed","ping_status":"closed","sticky":false,"template":"","format":"standard","meta":{"footnotes":""},"categories":[19,5,4],"tags":[],"class_list":["post-7815","post","type-post","status-publish","format-standard","hentry","category-do-tisku","category-projekt","category-akce"],"_links":{"self":[{"href":"https:\/\/www.zssafarikova.cz\/index.php?rest_route=\/wp\/v2\/posts\/7815","targetHints":{"allow":["GET"]}}],"collection":[{"href":"https:\/\/www.zssafarikova.cz\/index.php?rest_route=\/wp\/v2\/posts"}],"about":[{"href":"https:\/\/www.zssafarikova.cz\/index.php?rest_route=\/wp\/v2\/types\/post"}],"author":[{"embeddable":true,"href":"https:\/\/www.zssafarikova.cz\/index.php?rest_route=\/wp\/v2\/users\/1"}],"replies":[{"embeddable":true,"href":"https:\/\/www.zssafarikova.cz\/index.php?rest_route=%2Fwp%2Fv2%2Fcomments&post=7815"}],"version-history":[{"count":1,"href":"https:\/\/www.zssafarikova.cz\/index.php?rest_route=\/wp\/v2\/posts\/7815\/revisions"}],"predecessor-version":[{"id":7816,"href":"https:\/\/www.zssafarikova.cz\/index.php?rest_route=\/wp\/v2\/posts\/7815\/revisions\/7816"}],"wp:attachment":[{"href":"https:\/\/www.zssafarikova.cz\/index.php?rest_route=%2Fwp%2Fv2%2Fmedia&parent=7815"}],"wp:term":[{"taxonomy":"category","embeddable":true,"href":"https:\/\/www.zssafarikova.cz\/index.php?rest_route=%2Fwp%2Fv2%2Fcategories&post=7815"},{"taxonomy":"post_tag","embeddable":true,"href":"https:\/\/www.zssafarikova.cz\/index.php?rest_route=%2Fwp%2Fv2%2Ftags&post=7815"}],"curies":[{"name":"wp","href":"https:\/\/api.w.org\/{rel}","templated":true}]}}