{"id":7798,"date":"2024-10-07T12:15:16","date_gmt":"2024-10-07T11:15:16","guid":{"rendered":"https:\/\/www.zssafarikova.cz\/?p=7798"},"modified":"2024-10-07T12:29:26","modified_gmt":"2024-10-07T11:29:26","slug":"zaci-ze-safarky-si-zazavodili-na-okresnim-kole-v-prespolnim-behu-druzstev","status":"publish","type":"post","link":"https:\/\/www.zssafarikova.cz\/?p=7798","title":{"rendered":"\u017d\u00e1ci ze \u0160afa\u0159ky si zaz\u00e1vodili na okresn\u00edm kole v p\u0159espoln\u00edm b\u011bhu dru\u017estev"},"content":{"rendered":"\n<figure><iframe src=\"https:\/\/www.zonerama.com\/Embed\/Album\/12169296?color=blue&amp;autoplay=false&amp;vertical=false&amp;secret=BuEEKk77h30JA543En8hUR9o0\" style=\"width: 720px; height: 330px;\" scrolling=\"no\" frameborder=\"0\" allowtransparency=\"true\"><\/iframe><\/figure>\n\n\n\n<p>Prvn\u00ed \u0159\u00edjnov\u00fd den se se\u0161li \u017e\u00e1ci ze z\u00e1kladn\u00edch a st\u0159edn\u00edch \u0161kol z cel\u00e9ho okresu Vset\u00edn, aby si spole\u010dn\u011b zaz\u00e1vodili a zm\u011b\u0159ili s\u00edly v p\u0159espoln\u00edm b\u011bhu dru\u017estev. Na\u0161e \u0161kola vyslala do sportovn\u00edho kl\u00e1n\u00ed v\u0161echny \u010dty\u0159i kategorie. Dru\u017estvo tvo\u0159ilo \u0161est \u010dlen\u016f. Startovalo se hromadn\u011b po jednotliv\u00fdch kategori\u00edch. Podle sou\u010dtu nejlep\u0161\u00edch \u010dty\u0159 z\u00e1vodn\u00edk\u016f se n\u00e1sledn\u011b utvo\u0159ilo po\u0159ad\u00ed jednotliv\u00fdch \u0161kol. Postup do krajsk\u00e9ho kola si zajistily prvn\u00ed dv\u011b dru\u017estva z ka\u017ed\u00e9 kategorie. Na\u0161i \u0161kolu reprezentovala tato dru\u017estva:<\/p>\n\n\n\n<!--more-->\n\n\n\n<p>Mlad\u0161\u00ed \u017e\u00e1ci: Jan Zaj\u00ed\u010dek, Petr Jaro\u0161, Libor David, Ond\u0159ej \u017dlebek, Adam Hrd\u00fd \u2013 sout\u011b\u017eilo 12 t\u00fdm\u016f, t\u00fdm se um\u00edstil na 3. m\u00edst\u011b, mezi jednotlivci &#8211; 2. m\u00edsto Jan Zaj\u00ed\u010dek, 4. m\u00edsto Petr Jaro\u0161<\/p>\n\n\n\n<p>Mlad\u0161\u00ed \u017e\u00e1kyn\u011b: Isabel Navr\u00e1tilov\u00e1, Mark\u00e9ta V\u00e1lkov\u00e1, Martina Klimentov\u00e1, Sofie Ullrichov\u00e1, Valerie Plesn\u00edkov\u00e1, Nat\u00e1lka Blablov\u00e1 &#8211; sout\u011b\u017eilo 10 t\u00fdm\u016f, t\u00fdm se um\u00edstil na 3. m\u00edst\u011b, mezi jednotlivci &#8211; 2. m\u00edsto Isabel Navr\u00e1tilov\u00e1<\/p>\n\n\n\n<p>Star\u0161\u00ed \u017e\u00e1ci: Patrik Urban, Josef Modl\u00e1k, Martin Hnilica, Dominik Has\u00edk, Tom\u00e1\u0161 Bil\u00edk, Filip Kv\u011bt\u00e1k sout\u011b\u017eilo 12 t\u00fdm\u016f, t\u00fdm se um\u00edstil na 7. m\u00edst\u011b, mezi jednotlivci &#8211; 22. m\u00edsto Patrik Urban<\/p>\n\n\n\n<p>Star\u0161\u00ed \u017e\u00e1kyn\u011b: Krist\u00fdna \u0160im\u010d\u00edkov\u00e1, Ema Nov\u00e1kov\u00e1, Am\u00e1lie Day, Eli\u0161ka Kramoli\u0161ov\u00e1, Krist\u00fdna Struhalov\u00e1, Eli\u0161ka Kur\u00e1\u0148ov\u00e1 &#8211; sout\u011b\u017eilo 11 t\u00fdm\u016f, t\u00fdm se um\u00edstil na 6. m\u00edst\u011b, mezi jednotlivci -10. m\u00edsto Krist\u00fdna \u0160im\u010d\u00edkov\u00e1<\/p>\n\n\n\n<p>I p\u0159esto, \u017ee se n\u00e1m do krajsk\u00e9ho kola postoupit nepoda\u0159ilo, odn\u00e1\u0161\u00edme si spoustu pozitivn\u00edch z\u00e1\u017eitk\u016f.<\/p>\n\n\n\n<p>Celkov\u00e9 v\u00fdsledky ze z\u00e1vod\u016f jsou k nahlednut\u00ed v p\u0159\u00edloze.<\/p>\n\n\n\n<figure class=\"wp-block-image size-full\"><img loading=\"lazy\" decoding=\"async\" width=\"609\" height=\"574\" src=\"https:\/\/www.zssafarikova.cz\/wp-content\/uploads\/2024\/10\/image.png\" alt=\"\" class=\"wp-image-7800\" srcset=\"https:\/\/www.zssafarikova.cz\/wp-content\/uploads\/2024\/10\/image.png 609w, https:\/\/www.zssafarikova.cz\/wp-content\/uploads\/2024\/10\/image-300x283.png 300w, https:\/\/www.zssafarikova.cz\/wp-content\/uploads\/2024\/10\/image-286x270.png 286w\" sizes=\"auto, (max-width: 609px) 100vw, 609px\" \/><\/figure>\n\n\n\n<p><\/p>\n\n\n\n<p>Ond\u0159ej Fojt\u00edk<\/p>\n","protected":false},"excerpt":{"rendered":"<p>Prvn\u00ed \u0159\u00edjnov\u00fd den se se\u0161li \u017e\u00e1ci ze z\u00e1kladn\u00edch a st\u0159edn\u00edch \u0161kol z cel\u00e9ho okresu Vset\u00edn, aby si spole\u010dn\u011b zaz\u00e1vodili a zm\u011b\u0159ili s\u00edly v p\u0159espoln\u00edm b\u011bhu dru\u017estev. Na\u0161e \u0161kola vyslala do sportovn\u00edho kl\u00e1n\u00ed v\u0161echny \u010dty\u0159i kategorie. Dru\u017estvo tvo\u0159ilo \u0161est \u010dlen\u016f. Startovalo se hromadn\u011b po jednotliv\u00fdch kategori\u00edch. Podle sou\u010dtu nejlep\u0161\u00edch \u010dty\u0159 z\u00e1vodn\u00edk\u016f se n\u00e1sledn\u011b utvo\u0159ilo po\u0159ad\u00ed jednotliv\u00fdch \u0161kol. Postup do krajsk\u00e9ho kola <a href=\"https:\/\/www.zssafarikova.cz\/?p=7798\" class=\"read-more\">V\u00edce &#8230;<\/a><\/p>\n","protected":false},"author":1,"featured_media":0,"comment_status":"closed","ping_status":"closed","sticky":false,"template":"","format":"standard","meta":{"footnotes":""},"categories":[25],"tags":[],"class_list":["post-7798","post","type-post","status-publish","format-standard","hentry","category-soutez"],"_links":{"self":[{"href":"https:\/\/www.zssafarikova.cz\/index.php?rest_route=\/wp\/v2\/posts\/7798","targetHints":{"allow":["GET"]}}],"collection":[{"href":"https:\/\/www.zssafarikova.cz\/index.php?rest_route=\/wp\/v2\/posts"}],"about":[{"href":"https:\/\/www.zssafarikova.cz\/index.php?rest_route=\/wp\/v2\/types\/post"}],"author":[{"embeddable":true,"href":"https:\/\/www.zssafarikova.cz\/index.php?rest_route=\/wp\/v2\/users\/1"}],"replies":[{"embeddable":true,"href":"https:\/\/www.zssafarikova.cz\/index.php?rest_route=%2Fwp%2Fv2%2Fcomments&post=7798"}],"version-history":[{"count":2,"href":"https:\/\/www.zssafarikova.cz\/index.php?rest_route=\/wp\/v2\/posts\/7798\/revisions"}],"predecessor-version":[{"id":7802,"href":"https:\/\/www.zssafarikova.cz\/index.php?rest_route=\/wp\/v2\/posts\/7798\/revisions\/7802"}],"wp:attachment":[{"href":"https:\/\/www.zssafarikova.cz\/index.php?rest_route=%2Fwp%2Fv2%2Fmedia&parent=7798"}],"wp:term":[{"taxonomy":"category","embeddable":true,"href":"https:\/\/www.zssafarikova.cz\/index.php?rest_route=%2Fwp%2Fv2%2Fcategories&post=7798"},{"taxonomy":"post_tag","embeddable":true,"href":"https:\/\/www.zssafarikova.cz\/index.php?rest_route=%2Fwp%2Fv2%2Ftags&post=7798"}],"curies":[{"name":"wp","href":"https:\/\/api.w.org\/{rel}","templated":true}]}}