{"id":7795,"date":"2024-10-03T07:25:46","date_gmt":"2024-10-03T06:25:46","guid":{"rendered":"https:\/\/www.zssafarikova.cz\/?p=7795"},"modified":"2024-10-03T07:25:47","modified_gmt":"2024-10-03T06:25:47","slug":"jaky-byl-adaptacni-pobyt-6-b","status":"publish","type":"post","link":"https:\/\/www.zssafarikova.cz\/?p=7795","title":{"rendered":"Jak\u00fd byl adapta\u010dn\u00ed pobyt 6.B"},"content":{"rendered":"\n<figure><iframe src=\"https:\/\/www.zonerama.com\/Embed\/Album\/12100733?color=blue&amp;autoplay=false&amp;vertical=false&amp;secret=95PjNhu76344lts7lr4b1uLdO\" style=\"width: 720px; height: 330px;\" scrolling=\"no\" frameborder=\"0\" allowtransparency=\"true\"><\/iframe><\/figure>\n\n\n\n<p>V\u00a0druh\u00e9 polovin\u011b z\u00e1\u0159\u00ed se na\u0161e t\u0159\u00edda 6.B z\u00fa\u010dastnila adapta\u010dn\u00edho pobytu. C\u00edlem bylo, abychom se v\u00edce sezn\u00e1mili s\u00a0na\u0161\u00edm nov\u00fdm t\u0159\u00eddn\u00edm u\u010ditelem Jarom\u00edrem Klimkem a stmelili kolektiv.\u00a0 \u00da\u010dast byla stoprocentn\u00ed, tak\u017ee jsme 24.9. r\u00e1no vyrazili vlakem do \u0160tramberku. Spolu s\u00a0Jirkou Volo\u0161inem a panem u\u010ditelem jsme m\u011bli v\u00a0pl\u00e1nu nav\u0161t\u00edvit jeskyni \u0160ipka. Bohu\u017eel n\u00e1m pl\u00e1ny p\u0159ekazila povode\u0148. Tro\u0161ku n\u00e1s to mrzelo, ale aspo\u0148 jsme m\u011bli \u010das se pod\u00edvat na v\u00fdstavu terarijn\u00edch zv\u00ed\u0159at. Vid\u011bli jsme je\u0161t\u011bry, hady, \u0161neky, axolotly a pavouky. Ti nejodv\u00e1\u017en\u011bj\u0161\u00ed si mohli n\u011bkter\u00e9 ze zv\u00ed\u0159at pohladit a vz\u00edt na ruce. Ubytovan\u00ed jsme byli v\u00a0hezk\u00e9m are\u00e1lu. Cel\u00e9 odpoledne a ve\u010der jsme hr\u00e1li spole\u010densk\u00e9 hry ve skupink\u00e1ch. To n\u00e1s v\u0161echny moc bavilo! Ve\u010der jsme stav\u011bli z\u00a0kostek a taky vyr\u00e1b\u011bli. Ve\u010derku jsme m\u011bli domluvenou na dev\u011bt hodin, ale proto\u017ee jsme nemohli usnout, po\u0159\u00e1d jsme si pov\u00eddali a vym\u00fd\u0161leli poh\u00e1dky. Druh\u00fd den se n\u00e1m vst\u00e1valo dob\u0159e a t\u011b\u0161ili jsme se u\u017e na cestu dom\u016f. Po sn\u00eddani jsme \u0161li na h\u0159i\u0161t\u011b a stihli je\u0161t\u011b n\u011bjak\u00e9 hry. No a pak u\u017e na vlak a hur\u00e1 dom\u016f!<\/p>\n\n\n\n<p>Mysl\u00edm, \u017ee adap\u0165\u00e1k se n\u00e1m v\u0161em moc l\u00edbil.<\/p>\n\n\n\n<p>Tina Mur\u00ednov\u00e1, 6.B &nbsp;&nbsp;&nbsp;<\/p>\n","protected":false},"excerpt":{"rendered":"<p>V\u00a0druh\u00e9 polovin\u011b z\u00e1\u0159\u00ed se na\u0161e t\u0159\u00edda 6.B z\u00fa\u010dastnila adapta\u010dn\u00edho pobytu. C\u00edlem bylo, abychom se v\u00edce sezn\u00e1mili s\u00a0na\u0161\u00edm nov\u00fdm t\u0159\u00eddn\u00edm u\u010ditelem Jarom\u00edrem Klimkem a stmelili kolektiv.\u00a0 \u00da\u010dast byla stoprocentn\u00ed, tak\u017ee jsme 24.9. r\u00e1no vyrazili vlakem do \u0160tramberku. Spolu s\u00a0Jirkou Volo\u0161inem a panem u\u010ditelem jsme m\u011bli v\u00a0pl\u00e1nu nav\u0161t\u00edvit jeskyni \u0160ipka. Bohu\u017eel n\u00e1m pl\u00e1ny p\u0159ekazila povode\u0148. Tro\u0161ku n\u00e1s to mrzelo, ale aspo\u0148 jsme <a href=\"https:\/\/www.zssafarikova.cz\/?p=7795\" class=\"read-more\">V\u00edce &#8230;<\/a><\/p>\n","protected":false},"author":1,"featured_media":0,"comment_status":"closed","ping_status":"closed","sticky":false,"template":"","format":"standard","meta":{"footnotes":""},"categories":[19,4],"tags":[],"class_list":["post-7795","post","type-post","status-publish","format-standard","hentry","category-do-tisku","category-akce"],"_links":{"self":[{"href":"https:\/\/www.zssafarikova.cz\/index.php?rest_route=\/wp\/v2\/posts\/7795","targetHints":{"allow":["GET"]}}],"collection":[{"href":"https:\/\/www.zssafarikova.cz\/index.php?rest_route=\/wp\/v2\/posts"}],"about":[{"href":"https:\/\/www.zssafarikova.cz\/index.php?rest_route=\/wp\/v2\/types\/post"}],"author":[{"embeddable":true,"href":"https:\/\/www.zssafarikova.cz\/index.php?rest_route=\/wp\/v2\/users\/1"}],"replies":[{"embeddable":true,"href":"https:\/\/www.zssafarikova.cz\/index.php?rest_route=%2Fwp%2Fv2%2Fcomments&post=7795"}],"version-history":[{"count":1,"href":"https:\/\/www.zssafarikova.cz\/index.php?rest_route=\/wp\/v2\/posts\/7795\/revisions"}],"predecessor-version":[{"id":7796,"href":"https:\/\/www.zssafarikova.cz\/index.php?rest_route=\/wp\/v2\/posts\/7795\/revisions\/7796"}],"wp:attachment":[{"href":"https:\/\/www.zssafarikova.cz\/index.php?rest_route=%2Fwp%2Fv2%2Fmedia&parent=7795"}],"wp:term":[{"taxonomy":"category","embeddable":true,"href":"https:\/\/www.zssafarikova.cz\/index.php?rest_route=%2Fwp%2Fv2%2Fcategories&post=7795"},{"taxonomy":"post_tag","embeddable":true,"href":"https:\/\/www.zssafarikova.cz\/index.php?rest_route=%2Fwp%2Fv2%2Ftags&post=7795"}],"curies":[{"name":"wp","href":"https:\/\/api.w.org\/{rel}","templated":true}]}}