{"id":7716,"date":"2024-08-28T12:46:38","date_gmt":"2024-08-28T11:46:38","guid":{"rendered":"https:\/\/www.zssafarikova.cz\/?p=7716"},"modified":"2024-08-28T12:46:39","modified_gmt":"2024-08-28T11:46:39","slug":"z-uan-florenc-do-florencie","status":"publish","type":"post","link":"https:\/\/www.zssafarikova.cz\/?p=7716","title":{"rendered":"Z \u00daAN Florenc do Florencie"},"content":{"rendered":"<div class=\"wp-block-image\">\n<figure class=\"aligncenter size-large is-resized\"><img loading=\"lazy\" decoding=\"async\" width=\"1024\" height=\"215\" src=\"https:\/\/www.zssafarikova.cz\/wp-content\/uploads\/2024\/06\/CS-Spolufinancovano-Evropskou-unii_PANTONE-1024x215.jpg\" alt=\"\" class=\"wp-image-7644\" style=\"width:667px;height:auto\" srcset=\"https:\/\/www.zssafarikova.cz\/wp-content\/uploads\/2024\/06\/CS-Spolufinancovano-Evropskou-unii_PANTONE-1024x215.jpg 1024w, https:\/\/www.zssafarikova.cz\/wp-content\/uploads\/2024\/06\/CS-Spolufinancovano-Evropskou-unii_PANTONE-300x63.jpg 300w, https:\/\/www.zssafarikova.cz\/wp-content\/uploads\/2024\/06\/CS-Spolufinancovano-Evropskou-unii_PANTONE-768x161.jpg 768w, https:\/\/www.zssafarikova.cz\/wp-content\/uploads\/2024\/06\/CS-Spolufinancovano-Evropskou-unii_PANTONE-1536x322.jpg 1536w, https:\/\/www.zssafarikova.cz\/wp-content\/uploads\/2024\/06\/CS-Spolufinancovano-Evropskou-unii_PANTONE-2048x430.jpg 2048w, https:\/\/www.zssafarikova.cz\/wp-content\/uploads\/2024\/06\/CS-Spolufinancovano-Evropskou-unii_PANTONE-360x76.jpg 360w, https:\/\/www.zssafarikova.cz\/wp-content\/uploads\/2024\/06\/CS-Spolufinancovano-Evropskou-unii_PANTONE-1320x277.jpg 1320w\" sizes=\"auto, (max-width: 1024px) 100vw, 1024px\" \/><\/figure>\n<\/div>\n\n\n<figure><iframe src=\"https:\/\/www.zonerama.com\/Embed\/Album\/11946975?color=blue&amp;autoplay=false&amp;vertical=false&amp;secret=0TQA1k5Qb6mMwqeYGf01QSn1f\" style=\"width: 720px; height: 330px;\" scrolling=\"no\" frameborder=\"0\" allowtransparency=\"true\"><\/iframe><\/figure>\n\n\n\n<p>Pro\u010d nespojit p\u0159\u00edjemn\u00e9 s u\u017eite\u010dn\u00fdm a neabsolvovat metodick\u00fd kurz v kol\u00e9bce renesance a hlavn\u00edm m\u011bst\u011b um\u011bn\u00ed Evropy &#8211; Florencii? D\u00edky zapojen\u00ed na\u0161\u00ed \u0161koly do projektu Erasmus+ jsem tuto mo\u017enost m\u011bla.<br>Vybrala jsem si kurz We Are All Special o inkluzivn\u00edch strategi\u00edch ve t\u0159\u00edd\u011b i mimo ni pod z\u00e1\u0161titou Europass Teacher Academy.<br>M\u00fdmi spolu\u017e\u00e1ky se na t\u00fdden stali dva Portugalci, jeden \u0160pan\u011bl a \u0161est Francouzek z ostrova Reunion, nejvzd\u00e1len\u011bj\u0161\u00edho regionu EU. V\u00fduka prob\u00edhala od pond\u011bl\u00ed do p\u00e1tku v samotn\u00e9m srdci historick\u00e9ho j\u00e1dra Florencie, odkud byl jen kousek k dominant\u00e1m m\u011bsta,\u00a0kter\u00e9 jsem nav\u0161t\u011bvovala ve voln\u00e9m \u010dase. Prob\u00edrali jsme psychologii d\u00edt\u011bte, co ovliv\u0148uje \u00fasp\u011b\u0161nou inkluzi, zkou\u0161eli si r\u016fzn\u00e9 metody, jak zapojovat d\u011bti se speci\u00e1ln\u00edm\u00ed vzd\u011bl\u00e1vac\u00edmi pot\u0159ebami do v\u00fduky a \u017eiv\u011b diskutovali.<\/p>\n\n\n\n<!--more-->\n\n\n\n<p>Brzy jsem p\u0159ekonala po\u010d\u00e1te\u010dn\u00ed nesm\u011blost komunikovat v angli\u010dtin\u011b a kurz m\u011b velmi motivoval do dal\u0161\u00ed pr\u00e1ce a studia. T\u011b\u0161\u00edm se, a\u017e si budu moci vyzkou\u0161et nabyt\u00e9 znalosti v praxi.<br>Ka\u017ed\u00fd student m\u011bl tak\u00e9 prezentaci o sv\u00e9 \u0161kole.<br>Na\u0161i \u017e\u00e1ci by jist\u011b ocenili v\u00fduku v de\u0161tn\u00e9m pralese jeden den v t\u00fddnu, jak to maj\u00ed kolegyn\u011b z Reunionu.<br>Do rozvrhu p\u0159ipravila \u0161kola na zakon\u010den\u00ed kulturn\u00ed aktivitu &#8211; exkursi po tosk\u00e1nsk\u00e9m venkov\u011b spojenou s ochutn\u00e1vkou autentick\u00fdch v\u00edn.<br>Pobyt ve Florencii byl jedine\u010dn\u00e1 vzd\u011bl\u00e1vac\u00ed, kulturn\u00ed i soci\u00e1ln\u00ed zku\u0161enost, kter\u00e1 m\u011b velmi obohatila.<\/p>\n\n\n\n<p><br>Kl\u00e1ra Mikul\u00e1\u0161kov\u00e1<\/p>\n","protected":false},"excerpt":{"rendered":"<p>Pro\u010d nespojit p\u0159\u00edjemn\u00e9 s u\u017eite\u010dn\u00fdm a neabsolvovat metodick\u00fd kurz v kol\u00e9bce renesance a hlavn\u00edm m\u011bst\u011b um\u011bn\u00ed Evropy &#8211; Florencii? D\u00edky zapojen\u00ed na\u0161\u00ed \u0161koly do projektu Erasmus+ jsem tuto mo\u017enost m\u011bla.Vybrala jsem si kurz We Are All Special o inkluzivn\u00edch strategi\u00edch ve t\u0159\u00edd\u011b i mimo ni pod z\u00e1\u0161titou Europass Teacher Academy.M\u00fdmi spolu\u017e\u00e1ky se na t\u00fdden stali dva Portugalci, jeden \u0160pan\u011bl a <a href=\"https:\/\/www.zssafarikova.cz\/?p=7716\" class=\"read-more\">V\u00edce &#8230;<\/a><\/p>\n","protected":false},"author":1,"featured_media":0,"comment_status":"closed","ping_status":"closed","sticky":false,"template":"","format":"standard","meta":{"footnotes":""},"categories":[19,5],"tags":[],"class_list":["post-7716","post","type-post","status-publish","format-standard","hentry","category-do-tisku","category-projekt"],"_links":{"self":[{"href":"https:\/\/www.zssafarikova.cz\/index.php?rest_route=\/wp\/v2\/posts\/7716","targetHints":{"allow":["GET"]}}],"collection":[{"href":"https:\/\/www.zssafarikova.cz\/index.php?rest_route=\/wp\/v2\/posts"}],"about":[{"href":"https:\/\/www.zssafarikova.cz\/index.php?rest_route=\/wp\/v2\/types\/post"}],"author":[{"embeddable":true,"href":"https:\/\/www.zssafarikova.cz\/index.php?rest_route=\/wp\/v2\/users\/1"}],"replies":[{"embeddable":true,"href":"https:\/\/www.zssafarikova.cz\/index.php?rest_route=%2Fwp%2Fv2%2Fcomments&post=7716"}],"version-history":[{"count":1,"href":"https:\/\/www.zssafarikova.cz\/index.php?rest_route=\/wp\/v2\/posts\/7716\/revisions"}],"predecessor-version":[{"id":7718,"href":"https:\/\/www.zssafarikova.cz\/index.php?rest_route=\/wp\/v2\/posts\/7716\/revisions\/7718"}],"wp:attachment":[{"href":"https:\/\/www.zssafarikova.cz\/index.php?rest_route=%2Fwp%2Fv2%2Fmedia&parent=7716"}],"wp:term":[{"taxonomy":"category","embeddable":true,"href":"https:\/\/www.zssafarikova.cz\/index.php?rest_route=%2Fwp%2Fv2%2Fcategories&post=7716"},{"taxonomy":"post_tag","embeddable":true,"href":"https:\/\/www.zssafarikova.cz\/index.php?rest_route=%2Fwp%2Fv2%2Ftags&post=7716"}],"curies":[{"name":"wp","href":"https:\/\/api.w.org\/{rel}","templated":true}]}}