{"id":7710,"date":"2024-08-26T13:31:50","date_gmt":"2024-08-26T12:31:50","guid":{"rendered":"https:\/\/www.zssafarikova.cz\/?p=7710"},"modified":"2024-08-26T13:31:51","modified_gmt":"2024-08-26T12:31:51","slug":"erasmus-v-padove","status":"publish","type":"post","link":"https:\/\/www.zssafarikova.cz\/?p=7710","title":{"rendered":"Erasmus v\u00a0Padov\u011b"},"content":{"rendered":"<div class=\"wp-block-image\">\n<figure class=\"aligncenter size-large is-resized\"><img loading=\"lazy\" decoding=\"async\" width=\"1024\" height=\"215\" src=\"https:\/\/www.zssafarikova.cz\/wp-content\/uploads\/2024\/06\/CS-Spolufinancovano-Evropskou-unii_PANTONE-1024x215.jpg\" alt=\"\" class=\"wp-image-7644\" style=\"width:572px;height:auto\" srcset=\"https:\/\/www.zssafarikova.cz\/wp-content\/uploads\/2024\/06\/CS-Spolufinancovano-Evropskou-unii_PANTONE-1024x215.jpg 1024w, https:\/\/www.zssafarikova.cz\/wp-content\/uploads\/2024\/06\/CS-Spolufinancovano-Evropskou-unii_PANTONE-300x63.jpg 300w, https:\/\/www.zssafarikova.cz\/wp-content\/uploads\/2024\/06\/CS-Spolufinancovano-Evropskou-unii_PANTONE-768x161.jpg 768w, https:\/\/www.zssafarikova.cz\/wp-content\/uploads\/2024\/06\/CS-Spolufinancovano-Evropskou-unii_PANTONE-1536x322.jpg 1536w, https:\/\/www.zssafarikova.cz\/wp-content\/uploads\/2024\/06\/CS-Spolufinancovano-Evropskou-unii_PANTONE-2048x430.jpg 2048w, https:\/\/www.zssafarikova.cz\/wp-content\/uploads\/2024\/06\/CS-Spolufinancovano-Evropskou-unii_PANTONE-360x76.jpg 360w, https:\/\/www.zssafarikova.cz\/wp-content\/uploads\/2024\/06\/CS-Spolufinancovano-Evropskou-unii_PANTONE-1320x277.jpg 1320w\" sizes=\"auto, (max-width: 1024px) 100vw, 1024px\" \/><\/figure>\n<\/div>\n\n\n<figure><iframe src=\"https:\/\/www.zonerama.com\/Embed\/Album\/11938003?color=blue&amp;autoplay=false&amp;vertical=false&amp;secret=354E8tX5kAKbV5pI7gnv3ETR3\" style=\"width: 720px; height: 330px;\" scrolling=\"no\" frameborder=\"0\" allowtransparency=\"true\"><\/iframe><\/figure>\n\n\n\n<p>Deset dn\u016f ze sv\u00e9 \u0159\u00e1dn\u00e9 dovolen\u00e9 jsem r\u00e1da ob\u011btovala kurzu s&nbsp;n\u00e1zvem &nbsp;\u201e17 c\u00edl\u016f udr\u017eiteln\u00e9ho rozvoje \u2013 od pl\u00e1nov\u00e1n\u00ed hodin a\u017e po v\u00fduku.\u201c Kurz se konal v&nbsp;italsk\u00e9 Padov\u011b. M\u00edsto atraktivn\u00ed, t\u00e9ma, o kter\u00e9m toho zas tolik nev\u00edm, tak pro\u010d si neroz\u0161\u00ed\u0159it obzory?<\/p>\n\n\n\n<!--more-->\n\n\n\n<p>\u00a0\u00a0\u00a0\u00a0\u00a0\u00a0\u00a0 Co to jsou c\u00edle udr\u017eiteln\u00e9ho rozvoje, ke kter\u00fdm se zav\u00e1zala i na\u0161e zem\u011b? Tyto c\u00edle se zab\u00fdvaj\u00ed v\u0161emi aktu\u00e1ln\u00edmi glob\u00e1ln\u00edmi v\u00fdzvami v\u010detn\u011b chudoby, hladu, p\u0159\u00edstupu k z\u00e1kladn\u00edm ve\u0159ejn\u00fdm slu\u017eb\u00e1m a jejich kvality, nerovnost\u00ed, zm\u011bny klimatu, ztr\u00e1ty biodiverzity atd. \u00a0Hned p\u0159i prvn\u00edch p\u0159edn\u00e1\u0161k\u00e1ch mi bylo jasn\u00e9, \u017ee jsem na spr\u00e1vn\u00e9m m\u00edst\u011b. P\u0159edn\u00e1\u0161ej\u00edc\u00ed m\u011bly p\u0159ipraven\u00e9 prezentace o tom, jak si na tom stoj\u00ed s\u00a0dodr\u017eov\u00e1n\u00edm t\u011bchto c\u00edl\u016f zem\u011b, kter\u00e9 m\u011bly sv\u00e9 z\u00e1stupce v\u00a0tomto kurzu. Konkr\u00e9tn\u011b se jednalo o Rumunsko, Irsko, Portugalsko, N\u011bmecko, \u0158ecko a \u010cR. Vyslechla jsme si p\u0159edn\u00e1\u0161ky na t\u00e9mata, nad kter\u00fdmi bychom se m\u011bli zamyslet v\u0161ichni. Jen nam\u00e1tkou &#8211; diskuze se vedly nad overturismem, rychlou m\u00f3dou, lok\u00e1ln\u00edmi potravinami, mluvili jsme o genderov\u00fdch ot\u00e1zk\u00e1ch ve \u0161kole, nad\u00fa\u017e\u00edv\u00e1n\u00ed l\u00e9k\u016f, cel\u00fd blok se t\u00fdkal mikroplast\u016f kolem n\u00e1s, zaj\u00edmav\u00e9 byla i p\u0159edn\u00e1\u0161ka o drancov\u00e1n\u00ed p\u016fdy a porovn\u00e1n\u00ed zastoupen\u00ed druh\u016f strom\u016f v\u00a0na\u0161\u00ed krajin\u011b a \u0159ada zaj\u00edmav\u00fdch t\u00e9mat k\u00a0zamy\u0161len\u00ed pro ka\u017ed\u00e9ho a \u0159ada dal\u0161\u00edch zaj\u00edmav\u00fdch t\u00e9mat. P\u0159edn\u00e1\u0161ej\u00edc\u00ed nab\u00eddly aktivity, kter\u00e9 je mo\u017en\u00e9 ve \u0161kole vyu\u017e\u00edt ve v\u0161ech p\u0159edm\u011btech. Nau\u010dit d\u011bti pracovat s\u00a0recyklovan\u00fdmi materi\u00e1ly, nevytv\u00e1\u0159et dal\u0161\u00ed odpad, h\u00fdbat se, myslet lok\u00e1ln\u011b, chodit do \u0161koly p\u011b\u0161ky, nepl\u00fdtvat se \u0161koln\u00edmi ob\u011bdy, zaj\u00edmat se o to co j\u00edm, z\u00a0jak\u00fdch materi\u00e1l\u016f je m\u00e9 oble\u010den\u00ed, co obsahuje denn\u00ed kosmetika, omezit plasty\u2026. V\u011b\u0159te nebo ne, v\u00a0portugalsk\u00e9 soukrom\u00e9 \u0161kole ani nemaj\u00ed odpadkov\u00e9 ko\u0161e, d\u011bti maj\u00ed sva\u010diny i ob\u011bdy ve \u0161koln\u00ed j\u00eddeln\u011b \/co si nalo\u017e\u00ed, to si tak\u00e9 sn\u00ed\/ a na dobrou vodu z\u00a0kohoutku si nos\u00ed \u0161koln\u00ed l\u00e1hev.<\/p>\n\n\n\n<p>&nbsp;&nbsp;&nbsp;&nbsp;&nbsp;&nbsp;&nbsp;&nbsp; Nad t\u00e9matem udr\u017eitelnosti bychom se m\u011bli zamyslet v\u0161ichni a v&nbsp;tomto duchu v\u00e9st i d\u011bti k&nbsp;zodpov\u011bdnosti nad stavem na\u0161\u00ed planety. Tento kurz doporu\u010duji v\u0161em sv\u00fdm koleg\u016fm.<\/p>\n\n\n\n<p>Magdalena Hrstkov\u00e1<\/p>\n","protected":false},"excerpt":{"rendered":"<p>Deset dn\u016f ze sv\u00e9 \u0159\u00e1dn\u00e9 dovolen\u00e9 jsem r\u00e1da ob\u011btovala kurzu s&nbsp;n\u00e1zvem &nbsp;\u201e17 c\u00edl\u016f udr\u017eiteln\u00e9ho rozvoje \u2013 od pl\u00e1nov\u00e1n\u00ed hodin a\u017e po v\u00fduku.\u201c Kurz se konal v&nbsp;italsk\u00e9 Padov\u011b. M\u00edsto atraktivn\u00ed, t\u00e9ma, o kter\u00e9m toho zas tolik nev\u00edm, tak pro\u010d si neroz\u0161\u00ed\u0159it obzory?<\/p>\n","protected":false},"author":1,"featured_media":0,"comment_status":"closed","ping_status":"closed","sticky":false,"template":"","format":"standard","meta":{"footnotes":""},"categories":[19,5],"tags":[],"class_list":["post-7710","post","type-post","status-publish","format-standard","hentry","category-do-tisku","category-projekt"],"_links":{"self":[{"href":"https:\/\/www.zssafarikova.cz\/index.php?rest_route=\/wp\/v2\/posts\/7710","targetHints":{"allow":["GET"]}}],"collection":[{"href":"https:\/\/www.zssafarikova.cz\/index.php?rest_route=\/wp\/v2\/posts"}],"about":[{"href":"https:\/\/www.zssafarikova.cz\/index.php?rest_route=\/wp\/v2\/types\/post"}],"author":[{"embeddable":true,"href":"https:\/\/www.zssafarikova.cz\/index.php?rest_route=\/wp\/v2\/users\/1"}],"replies":[{"embeddable":true,"href":"https:\/\/www.zssafarikova.cz\/index.php?rest_route=%2Fwp%2Fv2%2Fcomments&post=7710"}],"version-history":[{"count":1,"href":"https:\/\/www.zssafarikova.cz\/index.php?rest_route=\/wp\/v2\/posts\/7710\/revisions"}],"predecessor-version":[{"id":7711,"href":"https:\/\/www.zssafarikova.cz\/index.php?rest_route=\/wp\/v2\/posts\/7710\/revisions\/7711"}],"wp:attachment":[{"href":"https:\/\/www.zssafarikova.cz\/index.php?rest_route=%2Fwp%2Fv2%2Fmedia&parent=7710"}],"wp:term":[{"taxonomy":"category","embeddable":true,"href":"https:\/\/www.zssafarikova.cz\/index.php?rest_route=%2Fwp%2Fv2%2Fcategories&post=7710"},{"taxonomy":"post_tag","embeddable":true,"href":"https:\/\/www.zssafarikova.cz\/index.php?rest_route=%2Fwp%2Fv2%2Ftags&post=7710"}],"curies":[{"name":"wp","href":"https:\/\/api.w.org\/{rel}","templated":true}]}}