{"id":7704,"date":"2024-07-16T08:39:35","date_gmt":"2024-07-16T07:39:35","guid":{"rendered":"https:\/\/www.zssafarikova.cz\/?p=7704"},"modified":"2024-07-16T08:40:02","modified_gmt":"2024-07-16T07:40:02","slug":"z-ceskeho-ucitele-kypersky-studentem","status":"publish","type":"post","link":"https:\/\/www.zssafarikova.cz\/?p=7704","title":{"rendered":"Z\u202f\u010desk\u00e9ho u\u010ditele kypersk\u00fdm studentem\u00a0"},"content":{"rendered":"<div class=\"wp-block-image\">\n<figure class=\"aligncenter size-large is-resized\"><img loading=\"lazy\" decoding=\"async\" width=\"1024\" height=\"215\" src=\"https:\/\/www.zssafarikova.cz\/wp-content\/uploads\/2024\/06\/CS-Spolufinancovano-Evropskou-unii_PANTONE-1024x215.jpg\" alt=\"Logo: Spolufinancov\u00e1no Evropskou uni\u00ed\" class=\"wp-image-7644\" style=\"width:476px;height:auto\" srcset=\"https:\/\/www.zssafarikova.cz\/wp-content\/uploads\/2024\/06\/CS-Spolufinancovano-Evropskou-unii_PANTONE-1024x215.jpg 1024w, https:\/\/www.zssafarikova.cz\/wp-content\/uploads\/2024\/06\/CS-Spolufinancovano-Evropskou-unii_PANTONE-300x63.jpg 300w, https:\/\/www.zssafarikova.cz\/wp-content\/uploads\/2024\/06\/CS-Spolufinancovano-Evropskou-unii_PANTONE-768x161.jpg 768w, https:\/\/www.zssafarikova.cz\/wp-content\/uploads\/2024\/06\/CS-Spolufinancovano-Evropskou-unii_PANTONE-1536x322.jpg 1536w, https:\/\/www.zssafarikova.cz\/wp-content\/uploads\/2024\/06\/CS-Spolufinancovano-Evropskou-unii_PANTONE-2048x430.jpg 2048w, https:\/\/www.zssafarikova.cz\/wp-content\/uploads\/2024\/06\/CS-Spolufinancovano-Evropskou-unii_PANTONE-360x76.jpg 360w, https:\/\/www.zssafarikova.cz\/wp-content\/uploads\/2024\/06\/CS-Spolufinancovano-Evropskou-unii_PANTONE-1320x277.jpg 1320w\" sizes=\"auto, (max-width: 1024px) 100vw, 1024px\" \/><\/figure>\n<\/div>\n\n\n<figure><iframe src=\"https:\/\/www.zonerama.com\/Embed\/Album\/11760002?color=blue&amp;autoplay=false&amp;vertical=false&amp;secret=tX5jwgtgi69jOEHQqqD4sVH3O\" style=\"width: 720px; height: 330px;\" scrolling=\"no\" frameborder=\"0\" allowtransparency=\"true\"><\/iframe><\/figure>\n\n\n\n<p>Po skon\u010den\u00ed \u0161koln\u00edho roku jsem vyu\u017eil mo\u017enosti vzd\u011bl\u00e1vac\u00edho programu Erasmus+, do kter\u00e9ho je na\u0161e \u0161kola zapojena, a za\u010d\u00e1tkem \u010dervence jsem vycestovat na dvout\u00fddenn\u00ed jazykov\u00fd kurz angli\u010dtiny na ostrov Kypr.&nbsp;<\/p>\n\n\n\n<p>Nav\u0161t\u011bvoval jsem \u0161kolu Bayswater school v centru Limassolu, m\u011bsta na ji\u017en\u00edm pob\u0159e\u017e\u00ed ostrova.&nbsp;<\/p>\n\n\n\n<p>V\u00fduka prob\u00edhala denn\u011b v\u202fn\u011bkolika bloc\u00edch. Dopoledn\u00ed \u010d\u00e1st byla zam\u011b\u0159ena na gramatiku, odpoledne n\u00e1sledovala konverzace. T\u00e9mata konverzace na moje studium byly emoce a budoucnost. Ve t\u0159\u00edd\u011b jsem m\u011bl jeden\u00e1ct spolu\u017e\u00e1k\u016f, a to p\u0159ev\u00e1\u017en\u011b z\u202fPolska, Ukrajiny, Ruska nebo i \u010ceska a It\u00e1lie. Sou\u010d\u00e1st\u00ed v\u00fduky byla tak\u00e9 individu\u00e1ln\u00ed p\u0159\u00edprava v podob\u011b denn\u00edch dom\u00e1c\u00edch \u00fakol\u016f a test na konci ka\u017ed\u00e9ho t\u00fddne.&nbsp;<\/p>\n\n\n\n<!--more-->\n\n\n\n<p>Pobyt na jazykov\u00e9m kurzu ale nen\u00ed jen o \u0161kole. T\u00edm nejv\u011bt\u0161\u00edm p\u0159\u00ednosem je mo\u017enost komunikace se spolu\u017e\u00e1ky z jin\u00fdch zem\u00ed, \u010dasto tak\u00e9 pedagogy, a \u0161ance poznat kolorit ostrova a \u017eivot b\u011b\u017en\u00fdch Kyp\u0159an\u016f. K\u202fdoprav\u011b do \u0161koly jsem vyu\u017e\u00edval m\u00edstn\u00ed m\u011bstsk\u00e9 autobusy, kter\u00e9 jezdily spolehliv\u011b a na \u010das.&nbsp;<\/p>\n\n\n\n<p>V\u202fr\u00e1mci soci\u00e1ln\u00edch program\u016f jsme se spolu\u017e\u00e1ky a \u0161koln\u00edmi pr\u016fvodci prozkoumali historick\u00e9 j\u00e1dro Limassolu, nav\u0161t\u00edvili Muzeum v\u00fdroby l\u00e9k\u016f, ml\u00fdn na karob \u2013 tamn\u00ed v\u0161udyp\u0159\u00edtomnou rostlinu u\u017e\u00edvanou v gastronomii nebo hrad slou\u017e\u00edc\u00ed d\u0159\u00edve k\u202fochran\u011b m\u011bsta. Nejzaj\u00edmav\u011bj\u0161\u00edm v\u00fdletem byl jist\u011b v\u00fdjezd lod\u00ed do Modr\u00e9 laguny. Nevynechal jsem ani tamn\u00ed ZOOpark, kter\u00fd p\u0159edstavoval hlavn\u011b St\u0159edomo\u0159skou faunu.&nbsp;<\/p>\n\n\n\n<p>Co ale ve\u0161kerou komunikaci na Kypru usnad\u0148ovalo, byla v\u0161udy p\u0159\u00edtomn\u00e1 angli\u010dtina. Prakticky s\u202fnik\u00fdm nebyl probl\u00e9m cokoli vy\u0159e\u0161it. Obchody, restaurace, autobusy, holi\u010dstv\u00ed, kino, prakticky ve\u0161ker\u00e1 obsluha slu\u017eeb nem\u011bla s\u202fangli\u010dtinou probl\u00e9m.&nbsp;<\/p>\n\n\n\n<p>A pr\u00e1v\u011b tato skute\u010dnost m\u011b v\u017edy motivuje v\u202fdal\u0161\u00edm studiu. Znalost jazyka je d\u016fle\u017eit\u00e1 a pro b\u011b\u017enou komunikaci na \u0159ad\u011b m\u00edst sv\u011bta naprosto b\u011b\u017enou sou\u010d\u00e1st\u00ed \u017eivota.\u00a0<\/p>\n\n\n\n<p>Mgr. Luk\u00e1\u0161 Navr\u00e1til&nbsp;<\/p>\n\n\n\n<p>\u00a0<\/p>\n","protected":false},"excerpt":{"rendered":"<p>Po skon\u010den\u00ed \u0161koln\u00edho roku jsem vyu\u017eil mo\u017enosti vzd\u011bl\u00e1vac\u00edho programu Erasmus+, do kter\u00e9ho je na\u0161e \u0161kola zapojena, a za\u010d\u00e1tkem \u010dervence jsem vycestovat na dvout\u00fddenn\u00ed jazykov\u00fd kurz angli\u010dtiny na ostrov Kypr.&nbsp; Nav\u0161t\u011bvoval jsem \u0161kolu Bayswater school v centru Limassolu, m\u011bsta na ji\u017en\u00edm pob\u0159e\u017e\u00ed ostrova.&nbsp; V\u00fduka prob\u00edhala denn\u011b v\u202fn\u011bkolika bloc\u00edch. Dopoledn\u00ed \u010d\u00e1st byla zam\u011b\u0159ena na gramatiku, odpoledne n\u00e1sledovala konverzace. T\u00e9mata konverzace na moje <a href=\"https:\/\/www.zssafarikova.cz\/?p=7704\" class=\"read-more\">V\u00edce &#8230;<\/a><\/p>\n","protected":false},"author":1,"featured_media":0,"comment_status":"closed","ping_status":"closed","sticky":false,"template":"","format":"standard","meta":{"footnotes":""},"categories":[19,5],"tags":[],"class_list":["post-7704","post","type-post","status-publish","format-standard","hentry","category-do-tisku","category-projekt"],"_links":{"self":[{"href":"https:\/\/www.zssafarikova.cz\/index.php?rest_route=\/wp\/v2\/posts\/7704","targetHints":{"allow":["GET"]}}],"collection":[{"href":"https:\/\/www.zssafarikova.cz\/index.php?rest_route=\/wp\/v2\/posts"}],"about":[{"href":"https:\/\/www.zssafarikova.cz\/index.php?rest_route=\/wp\/v2\/types\/post"}],"author":[{"embeddable":true,"href":"https:\/\/www.zssafarikova.cz\/index.php?rest_route=\/wp\/v2\/users\/1"}],"replies":[{"embeddable":true,"href":"https:\/\/www.zssafarikova.cz\/index.php?rest_route=%2Fwp%2Fv2%2Fcomments&post=7704"}],"version-history":[{"count":2,"href":"https:\/\/www.zssafarikova.cz\/index.php?rest_route=\/wp\/v2\/posts\/7704\/revisions"}],"predecessor-version":[{"id":7708,"href":"https:\/\/www.zssafarikova.cz\/index.php?rest_route=\/wp\/v2\/posts\/7704\/revisions\/7708"}],"wp:attachment":[{"href":"https:\/\/www.zssafarikova.cz\/index.php?rest_route=%2Fwp%2Fv2%2Fmedia&parent=7704"}],"wp:term":[{"taxonomy":"category","embeddable":true,"href":"https:\/\/www.zssafarikova.cz\/index.php?rest_route=%2Fwp%2Fv2%2Fcategories&post=7704"},{"taxonomy":"post_tag","embeddable":true,"href":"https:\/\/www.zssafarikova.cz\/index.php?rest_route=%2Fwp%2Fv2%2Ftags&post=7704"}],"curies":[{"name":"wp","href":"https:\/\/api.w.org\/{rel}","templated":true}]}}