{"id":7657,"date":"2024-06-24T12:55:48","date_gmt":"2024-06-24T11:55:48","guid":{"rendered":"https:\/\/www.zssafarikova.cz\/?p=7657"},"modified":"2024-06-24T12:55:49","modified_gmt":"2024-06-24T11:55:49","slug":"jaky-byl-vylet-8-b","status":"publish","type":"post","link":"https:\/\/www.zssafarikova.cz\/?p=7657","title":{"rendered":"Jak\u00fd byl v\u00fdlet 8.B"},"content":{"rendered":"\n<figure><iframe src=\"https:\/\/www.zonerama.com\/Embed\/Album\/11656132?color=blue&amp;autoplay=false&amp;vertical=false&amp;secret=14S3Plvn9ik1L9FXG1O1H2cGH\" style=\"width: 720px; height: 330px;\" scrolling=\"no\" frameborder=\"0\" allowtransparency=\"true\"><\/iframe><\/figure>\n\n\n\n<p>Pro v\u0161echny \u017e\u00e1ky 8. B si i letos pan\u00ed u\u010ditelka t\u0159\u00eddn\u00ed Hana Oborn\u00e1 p\u0159ipravila t\u0159i dny pln\u00e9 adrenalinu, na\u0161lapan\u00fdch kilometr\u016f v&nbsp;p\u0159\u00edrod\u011b a senza\u010dn\u00edho ochlazen\u00ed v&nbsp;aquaparku. Prvn\u00ed den jsme nav\u0161t\u00edvili lanov\u00fd park v&nbsp;Olomouci, ve \u010dtvrtek si vy\u0161l\u00e1pli na Kel\u010dsk\u00fd Javorn\u00edk a z\u00e1v\u011br v\u00fdletu pat\u0159il vodn\u00edm radov\u00e1nk\u00e1m v&nbsp;aquaparku ve Fren\u0161t\u00e1t\u011b pod Radho\u0161t\u011bm. A jak se v\u00fdlety l\u00edbily?<\/p>\n\n\n\n<p>\u201eV\u00fdlet do Olomouce se mi l\u00edbil. Nejlep\u0161\u00ed byl ale baz\u00e9n, proto\u017ee tam byla velk\u00e1 sranda.\u201c Terka<\/p>\n\n\n\n<p>\u201eV\u00fdlety se mi l\u00edbily. Nejv\u00edce se mi l\u00edbilo lanov\u00e9 centrum.\u201cNiki \u017d.<\/p>\n\n\n\n<p>\u201ePrvn\u00ed den jsme byli v&nbsp;Olomouci, kde bylo hrozn\u00e9 vedro. Druh\u00fd den jsme byli na Kel\u010dsk\u00e9m Javorn\u00edku, kde byla rozhledna, kter\u00e1 se cel\u00e1 k\u00fdvala a byla tam zima. Ve Fren\u0161t\u00e1t\u011b na baz\u00e9n\u011b jsme si to takt\u00e9\u017e u\u017eili.\u201c Nella<\/p>\n\n\n\n<p>\u201eCesta na Kel\u010dsk\u00fd Javorn\u00edk byla pon\u011bkud obt\u00ed\u017en\u011bj\u0161\u00ed, ale za ten v\u00fdhled to st\u00e1lo. V&nbsp;lan\u00e1\u010di to bylo fajn, akor\u00e1t na n\u00e1s peklo slunko.\u201c Jirka a Michal<\/p>\n\n\n\n<p>\u201eBylo to fajn. Spadl s&nbsp;n\u00e1mi \u017eeb\u0159.\u201c Martin<\/p>\n\n\n\n<p>\u201e Bylo to \u017e\u016f\u017eo-lab\u016f\u017eo.\u201c Dalibor<\/p>\n\n\n\n<p>D\u011bkujeme a v\u0161ichni se t\u011b\u0161\u00edme, co si pro n\u00e1s na\u0161e pan\u00ed u\u010ditelka t\u0159\u00eddn\u00ed p\u0159iprav\u00ed v&nbsp;dev\u00edtce.<\/p>\n\n\n\n<p>Kolektiv 8.B<\/p>\n","protected":false},"excerpt":{"rendered":"<p>Pro v\u0161echny \u017e\u00e1ky 8. B si i letos pan\u00ed u\u010ditelka t\u0159\u00eddn\u00ed Hana Oborn\u00e1 p\u0159ipravila t\u0159i dny pln\u00e9 adrenalinu, na\u0161lapan\u00fdch kilometr\u016f v&nbsp;p\u0159\u00edrod\u011b a senza\u010dn\u00edho ochlazen\u00ed v&nbsp;aquaparku. Prvn\u00ed den jsme nav\u0161t\u00edvili lanov\u00fd park v&nbsp;Olomouci, ve \u010dtvrtek si vy\u0161l\u00e1pli na Kel\u010dsk\u00fd Javorn\u00edk a z\u00e1v\u011br v\u00fdletu pat\u0159il vodn\u00edm radov\u00e1nk\u00e1m v&nbsp;aquaparku ve Fren\u0161t\u00e1t\u011b pod Radho\u0161t\u011bm. A jak se v\u00fdlety l\u00edbily? \u201eV\u00fdlet do Olomouce se mi <a href=\"https:\/\/www.zssafarikova.cz\/?p=7657\" class=\"read-more\">V\u00edce &#8230;<\/a><\/p>\n","protected":false},"author":1,"featured_media":0,"comment_status":"closed","ping_status":"closed","sticky":false,"template":"","format":"standard","meta":{"footnotes":""},"categories":[4],"tags":[],"class_list":["post-7657","post","type-post","status-publish","format-standard","hentry","category-akce"],"_links":{"self":[{"href":"https:\/\/www.zssafarikova.cz\/index.php?rest_route=\/wp\/v2\/posts\/7657","targetHints":{"allow":["GET"]}}],"collection":[{"href":"https:\/\/www.zssafarikova.cz\/index.php?rest_route=\/wp\/v2\/posts"}],"about":[{"href":"https:\/\/www.zssafarikova.cz\/index.php?rest_route=\/wp\/v2\/types\/post"}],"author":[{"embeddable":true,"href":"https:\/\/www.zssafarikova.cz\/index.php?rest_route=\/wp\/v2\/users\/1"}],"replies":[{"embeddable":true,"href":"https:\/\/www.zssafarikova.cz\/index.php?rest_route=%2Fwp%2Fv2%2Fcomments&post=7657"}],"version-history":[{"count":1,"href":"https:\/\/www.zssafarikova.cz\/index.php?rest_route=\/wp\/v2\/posts\/7657\/revisions"}],"predecessor-version":[{"id":7659,"href":"https:\/\/www.zssafarikova.cz\/index.php?rest_route=\/wp\/v2\/posts\/7657\/revisions\/7659"}],"wp:attachment":[{"href":"https:\/\/www.zssafarikova.cz\/index.php?rest_route=%2Fwp%2Fv2%2Fmedia&parent=7657"}],"wp:term":[{"taxonomy":"category","embeddable":true,"href":"https:\/\/www.zssafarikova.cz\/index.php?rest_route=%2Fwp%2Fv2%2Fcategories&post=7657"},{"taxonomy":"post_tag","embeddable":true,"href":"https:\/\/www.zssafarikova.cz\/index.php?rest_route=%2Fwp%2Fv2%2Ftags&post=7657"}],"curies":[{"name":"wp","href":"https:\/\/api.w.org\/{rel}","templated":true}]}}