{"id":7651,"date":"2024-06-21T13:12:54","date_gmt":"2024-06-21T12:12:54","guid":{"rendered":"https:\/\/www.zssafarikova.cz\/?p=7651"},"modified":"2024-06-21T13:12:55","modified_gmt":"2024-06-21T12:12:55","slug":"matla-matematicka-soutez","status":"publish","type":"post","link":"https:\/\/www.zssafarikova.cz\/?p=7651","title":{"rendered":"MATLA &#8211; matematick\u00e1 sout\u011b\u017e"},"content":{"rendered":"\n<figure class=\"wp-block-image size-full\"><img loading=\"lazy\" decoding=\"async\" width=\"940\" height=\"134\" src=\"https:\/\/www.zssafarikova.cz\/wp-content\/uploads\/2024\/06\/image-1.png\" alt=\"\" class=\"wp-image-7653\" srcset=\"https:\/\/www.zssafarikova.cz\/wp-content\/uploads\/2024\/06\/image-1.png 940w, https:\/\/www.zssafarikova.cz\/wp-content\/uploads\/2024\/06\/image-1-300x43.png 300w, https:\/\/www.zssafarikova.cz\/wp-content\/uploads\/2024\/06\/image-1-768x109.png 768w, https:\/\/www.zssafarikova.cz\/wp-content\/uploads\/2024\/06\/image-1-360x51.png 360w\" sizes=\"auto, (max-width: 940px) 100vw, 940px\" \/><\/figure>\n\n\n\n<figure class=\"wp-block-image size-full\"><img loading=\"lazy\" decoding=\"async\" width=\"940\" height=\"232\" src=\"https:\/\/www.zssafarikova.cz\/wp-content\/uploads\/2024\/06\/image.png\" alt=\"\" class=\"wp-image-7652\" srcset=\"https:\/\/www.zssafarikova.cz\/wp-content\/uploads\/2024\/06\/image.png 940w, https:\/\/www.zssafarikova.cz\/wp-content\/uploads\/2024\/06\/image-300x74.png 300w, https:\/\/www.zssafarikova.cz\/wp-content\/uploads\/2024\/06\/image-768x190.png 768w, https:\/\/www.zssafarikova.cz\/wp-content\/uploads\/2024\/06\/image-360x89.png 360w\" sizes=\"auto, (max-width: 940px) 100vw, 940px\" \/><\/figure>\n\n\n\n<figure><iframe src=\"https:\/\/www.zonerama.com\/Embed\/Album\/11600242?color=blue&amp;autoplay=false&amp;vertical=false&amp;secret=cmdkwyeJQhnBP59nK5E38QpTt\" style=\"width: 720px; height: 330px;\" scrolling=\"no\" frameborder=\"0\" allowtransparency=\"true\"><\/iframe><\/figure>\n\n\n\n<p>Matematick\u00e9 sout\u011b\u017ee se zdaj\u00ed v\u011bt\u0161in\u011b pon\u011bkud nudn\u00e9 a nez\u00e1\u017eivn\u00e9. To v\u0161ak nemus\u00ed b\u00fdt v\u017edy pravda. A pr\u00e1v\u011b uk\u00e1zkou toho, \u017ee mohou b\u00fdt zaj\u00edmav\u00e9 a z\u00e1rove\u0148 i z\u00e1bavn\u00e9 je matematick\u00e1 sout\u011b\u017e Matla (zkr\u00e1cen\u011b Matematick\u00e1 laborato\u0159). Prob\u011bhla v prostor\u00e1ch klubu deskov\u00fdch her Vrtule a organizoval ji Mikroregion Vala\u0161skomezi\u0159\u00ed\u010dsko-Kele\u010dsko v\u00a0r\u00e1mci projektu \u00a0\u201eM\u00edstn\u00ed ak\u010dn\u00ed pl\u00e1n rozvoje vzd\u011bl\u00e1v\u00e1n\u00ed v ORP Vala\u0161sk\u00e9 Mezi\u0159\u00ed\u010d\u00ed IV\u201c, reg. \u010d: CZ.02.02.XX\/00\/23_017\/0008473 spolu se Z\u00e1kladn\u00ed \u0161kolou \u0160afa\u0159\u00edkova. Sout\u011b\u017e ur\u010den\u00e1 pro \u0161koly z ORP Vala\u0161sk\u00e9 Mezi\u0159\u00ed\u010d\u00ed prob\u011bhla ve dvou dopoledn\u00edch. Nejd\u0159\u00edve pom\u011b\u0159ili sv\u00e9 matematick\u00e9 schopnosti a kreativitu \u017e\u00e1ci p\u00e1t\u00fdch t\u0159\u00edd a druh\u00fd den \u0161es\u0165\u00e1ci. Celkem se z\u00fa\u010dastnilo v\u00edce ne\u017e \u0161edes\u00e1t d\u011bt\u00ed, t\u0159in\u00e1ct dru\u017estev z \u0161esti r\u016fzn\u00fdch \u0161kol.<\/p>\n\n\n\n<!--more-->\n\n\n\n<p>A o co v sout\u011b\u017ei \u0161lo?&nbsp; P\u011bti\u010dlenn\u00e9 dru\u017estvo &#8211; ano, \u017e\u00e1ci zde sout\u011b\u017eili ve skupink\u00e1ch, proto\u017ee v\u00edce hlav v\u00edc v\u00ed, postupn\u011b absolvovalo \u010dty\u0159i rozmanit\u00e9 discipl\u00edny.<\/p>\n\n\n\n<p>3D pi\u0161kvorky &#8211; pi\u0161kvorky ve kter\u00fdch nav\u00edc mus\u00edte vyu\u017e\u00edt svou prostorovou p\u0159edstavivost. Skl\u00e1d\u00e1n\u00ed tangram\u016f. \u0158e\u0161en\u00ed kreativn\u00edch logick\u00fdch \u00faloh. A matematick\u00e1 kimovka, kde mimo po\u010d\u00edt\u00e1n\u00ed museli \u017e\u00e1ci zapojit i pam\u011b\u0165.<\/p>\n\n\n\n<p>V\u0161e prob\u00edhalo v p\u0159\u00edjemn\u00e9 atmosf\u00e9\u0159e a b\u011bhem dopoledne m\u011bly t\u00fdmy discipl\u00edny za sebou. V \u010dase, ne\u017e se vyhodnotily v\u00fdsledky, si sout\u011b\u017e\u00edc\u00ed u\u017e\u00edvali atrakc\u00ed, kter\u00fdch Vrtule nab\u00edz\u00ed nespo\u010det.<\/p>\n\n\n\n<p>Vyhodnocen\u00ed bylo dramatick\u00e9 a po se\u010dten\u00ed v\u0161ech v\u00fdsledk\u016f vy\u0161li jako v\u00edt\u011bzov\u00e9 v p\u00e1t\u00fdch t\u0159\u00edd\u00e1ch \u017e\u00e1ci ze z\u00e1kladn\u00ed \u0161koly Lou\u010dka spole\u010dn\u011b se \u0160afa\u0159kou a v \u0161est\u00fdch t\u0159\u00edd\u00e1ch t\u00fdm ze \u0160afa\u0159ky. Ale ani ostatn\u00ed dru\u017estva se nemaj\u00ed za co styd\u011bt, v\u00fdsledky byly opravdu t\u011bsn\u00e9.<\/p>\n\n\n\n<p>Pod\u011bkov\u00e1n\u00ed pat\u0159\u00ed z\u00fa\u010dastn\u011bn\u00fdm \u017e\u00e1k\u016fm v\u010detn\u011b jejich doprovodu za z\u00e1pal p\u0159i \u0159e\u0161en\u00ed \u00fakol\u016f, Vrtuli za poskytnut\u00ed skv\u011bl\u00fdch prostor a dev\u00e1\u0165\u00e1k\u016fm ze \u0160afa\u0159ky (Davidovi, Jirkovi, Matyld\u011b a Lucce), kte\u0159\u00ed pom\u00e1hali s organizac\u00ed sout\u011b\u017ee. A samoz\u0159ejm\u011b Mikroregionu Vala\u0161skomezi\u0159i\u010dsko-Kele\u010dsko, kter\u00e9 sout\u011b\u017e spolufinancovalo z\u00a0Evropsk\u00e9 unie v\u00a0r\u00e1mci projektu \u201eM\u00edstn\u00ed ak\u010dn\u00ed pl\u00e1n rozvoje vzd\u011bl\u00e1v\u00e1n\u00ed v ORP Vala\u0161sk\u00e9 Mezi\u0159\u00ed\u010d\u00ed IV\u201c, reg. \u010d: CZ.02.02.XX\/00\/23_017\/0008473. <\/p>\n\n\n\n<p>Ji\u0159\u00ed Volo\u0161in<\/p>\n","protected":false},"excerpt":{"rendered":"<p>Matematick\u00e9 sout\u011b\u017ee se zdaj\u00ed v\u011bt\u0161in\u011b pon\u011bkud nudn\u00e9 a nez\u00e1\u017eivn\u00e9. To v\u0161ak nemus\u00ed b\u00fdt v\u017edy pravda. A pr\u00e1v\u011b uk\u00e1zkou toho, \u017ee mohou b\u00fdt zaj\u00edmav\u00e9 a z\u00e1rove\u0148 i z\u00e1bavn\u00e9 je matematick\u00e1 sout\u011b\u017e Matla (zkr\u00e1cen\u011b Matematick\u00e1 laborato\u0159). Prob\u011bhla v prostor\u00e1ch klubu deskov\u00fdch her Vrtule a organizoval ji Mikroregion Vala\u0161skomezi\u0159\u00ed\u010dsko-Kele\u010dsko v\u00a0r\u00e1mci projektu \u00a0\u201eM\u00edstn\u00ed ak\u010dn\u00ed pl\u00e1n rozvoje vzd\u011bl\u00e1v\u00e1n\u00ed v ORP Vala\u0161sk\u00e9 Mezi\u0159\u00ed\u010d\u00ed IV\u201c, reg. \u010d: <a href=\"https:\/\/www.zssafarikova.cz\/?p=7651\" class=\"read-more\">V\u00edce &#8230;<\/a><\/p>\n","protected":false},"author":1,"featured_media":0,"comment_status":"closed","ping_status":"closed","sticky":false,"template":"","format":"standard","meta":{"footnotes":""},"categories":[19,5,25],"tags":[],"class_list":["post-7651","post","type-post","status-publish","format-standard","hentry","category-do-tisku","category-projekt","category-soutez"],"_links":{"self":[{"href":"https:\/\/www.zssafarikova.cz\/index.php?rest_route=\/wp\/v2\/posts\/7651","targetHints":{"allow":["GET"]}}],"collection":[{"href":"https:\/\/www.zssafarikova.cz\/index.php?rest_route=\/wp\/v2\/posts"}],"about":[{"href":"https:\/\/www.zssafarikova.cz\/index.php?rest_route=\/wp\/v2\/types\/post"}],"author":[{"embeddable":true,"href":"https:\/\/www.zssafarikova.cz\/index.php?rest_route=\/wp\/v2\/users\/1"}],"replies":[{"embeddable":true,"href":"https:\/\/www.zssafarikova.cz\/index.php?rest_route=%2Fwp%2Fv2%2Fcomments&post=7651"}],"version-history":[{"count":1,"href":"https:\/\/www.zssafarikova.cz\/index.php?rest_route=\/wp\/v2\/posts\/7651\/revisions"}],"predecessor-version":[{"id":7654,"href":"https:\/\/www.zssafarikova.cz\/index.php?rest_route=\/wp\/v2\/posts\/7651\/revisions\/7654"}],"wp:attachment":[{"href":"https:\/\/www.zssafarikova.cz\/index.php?rest_route=%2Fwp%2Fv2%2Fmedia&parent=7651"}],"wp:term":[{"taxonomy":"category","embeddable":true,"href":"https:\/\/www.zssafarikova.cz\/index.php?rest_route=%2Fwp%2Fv2%2Fcategories&post=7651"},{"taxonomy":"post_tag","embeddable":true,"href":"https:\/\/www.zssafarikova.cz\/index.php?rest_route=%2Fwp%2Fv2%2Ftags&post=7651"}],"curies":[{"name":"wp","href":"https:\/\/api.w.org\/{rel}","templated":true}]}}